{"id":514193,"date":"2018-01-10T16:33:39","date_gmt":"2018-01-10T22:33:39","guid":{"rendered":"https:\/\/www.futboltotal.com.mx\/?p=514193"},"modified":"2018-01-10T16:33:39","modified_gmt":"2018-01-10T22:33:39","slug":"futbol-total-nivea-te-regalan-2-kits-especiales-del-real-madrid","status":"publish","type":"post","link":"http:\/\/desarrollo.grupomedios.com\/futbol\/promociones\/futbol-total-nivea-te-regalan-2-kits-especiales-del-real-madrid\/2018\/01","title":{"rendered":"\u00a1Futbol Total y Nivea te regalan 2 kits especiales del Real Madrid!"},"content":{"rendered":"<p><strong>Nivea Men<\/strong>\u00a0y\u00a0<strong>Futbol Total<\/strong>\u00a0tienen para ti\u00a02\u00a0kits de la l\u00ednea <strong>Shave de Nivea\u00a0Men edici\u00f3n especial del Real Madrid<\/strong>,\u00a0diferentes productos que complementar\u00e1n tu rutina de cuidado y arreglo personal. Para participar s\u00f3lo completa\u00a0la siguiente trivia:<\/p>\n<p>&nbsp;<\/p>\n<p>1.-\u00a0Sigue las cuentas de\u00a0<strong>Futbol Total<\/strong>\u00a0tanto en Facebook:\u00a0<strong><a href=\"https:\/\/www.facebook.com\/futboltotalmexico\/\">@futboltotalmexico<\/a><\/strong>\u00a0como en\u00a0Twitter:\u00a0<strong><a href=\"https:\/\/twitter.com\/MXFutbolTotal\">@MXFutbolTotal<\/a><\/strong>\u00a0y toma una captura\u00a0de pantalla para comprobarlo.<\/p>\n<p>2.- Comparte\/retuitea la publicaci\u00f3n de esta promoci\u00f3n en ambas redes sociales y toma una captura\u00a0de pantalla para comprobarlo.<\/p>\n<p>3.- Menciona cu\u00e1ndo fue la \u00faltima vez que el <strong>Real Madrid<\/strong> gan\u00f3 en un partido oficial.<\/p>\n<ul>\n<li>Debes mandar tus respuestas y todas tus capturas de pantalla\u00a0al mail\u00a0<strong>futboltotal@futboltotal.com.mx<\/strong>\u00a0con asunto \u201c<strong>NIVEA\u00a0MEN-FT<\/strong>\u201c. El mensaje deber\u00e1 estar acompa\u00f1ado de nombre completo y un tel\u00e9fono de contacto.<\/li>\n<li>Los primeros 2 participantes en cumplir con todos los requisitos ser\u00e1n los ganadores de\u00a0<strong>1 kit Nivea Men<\/strong>.<\/li>\n<li>\u00danicamente puedes mandar un correo, de lo contrario ser\u00e1s descalificado.<\/li>\n<\/ul>\n<p>El equipo FT se comunicar\u00e1 con los ganadores, quienes deber\u00e1n recoger sus premios en las oficinas de Futbol Total, ubicadas en la Ciudad de M\u00e9xico; a nadie se le podr\u00e1 entregar el premio\u00a0por medio de paqueter\u00eda. La entrega se har\u00e1 los d\u00edas<strong>\u00a0jueves 11 y viernes 12 de enero<\/strong>\u00a0en horario exclusivo de\u00a0<strong>10:00 a 16:00 horas<\/strong>. Indispensable presentar original y copia de identificaci\u00f3n oficial.<\/p>\n<p>\u00a1Mucha suerte\u00a0<em>cracks<\/em>!<\/p>\n<p><strong>IMPORTANTE:<\/strong>\u00a0No ser\u00e1 elegible para esta promoci\u00f3n toda persona que haya ganado\u00a0cualquier tipo de promoci\u00f3n\u00a0de Futbol Total en los \u00faltimos 90 d\u00edas.<\/p>\n","protected":false},"excerpt":{"rendered":"<p>Nivea Men y Futbol Total tienen para ti 2 kits, diferentes productos que complementar\u00e1n tu rutina de cuidado y arreglo personal.<\/p>\n","protected":false},"author":129,"featured_media":510099,"comment_status":"closed","ping_status":"closed","sticky":false,"template":"","format":"standard","meta":[],"categories":[60],"tags":[4683,8524,5988],"_links":{"self":[{"href":"http:\/\/desarrollo.grupomedios.com\/futbol\/wp-json\/wp\/v2\/posts\/514193"}],"collection":[{"href":"http:\/\/desarrollo.grupomedios.com\/futbol\/wp-json\/wp\/v2\/posts"}],"about":[{"href":"http:\/\/desarrollo.grupomedios.com\/futbol\/wp-json\/wp\/v2\/types\/post"}],"author":[{"embeddable":true,"href":"http:\/\/desarrollo.grupomedios.com\/futbol\/wp-json\/wp\/v2\/users\/129"}],"replies":[{"embeddable":true,"href":"http:\/\/desarrollo.grupomedios.com\/futbol\/wp-json\/wp\/v2\/comments?post=514193"}],"version-history":[{"count":1,"href":"http:\/\/desarrollo.grupomedios.com\/futbol\/wp-json\/wp\/v2\/posts\/514193\/revisions"}],"predecessor-version":[{"id":514194,"href":"http:\/\/desarrollo.grupomedios.com\/futbol\/wp-json\/wp\/v2\/posts\/514193\/revisions\/514194"}],"wp:featuredmedia":[{"embeddable":true,"href":"http:\/\/desarrollo.grupomedios.com\/futbol\/wp-json\/wp\/v2\/media\/510099"}],"wp:attachment":[{"href":"http:\/\/desarrollo.grupomedios.com\/futbol\/wp-json\/wp\/v2\/media?parent=514193"}],"wp:term":[{"taxonomy":"category","embeddable":true,"href":"http:\/\/desarrollo.grupomedios.com\/futbol\/wp-json\/wp\/v2\/categories?post=514193"},{"taxonomy":"post_tag","embeddable":true,"href":"http:\/\/desarrollo.grupomedios.com\/futbol\/wp-json\/wp\/v2\/tags?post=514193"}],"curies":[{"name":"wp","href":"https:\/\/api.w.org\/{rel}","templated":true}]}}