{"id":514200,"date":"2018-01-09T19:59:55","date_gmt":"2018-01-10T01:59:55","guid":{"rendered":"https:\/\/www.futboltotal.com.mx\/?p=514200"},"modified":"2018-01-10T22:32:05","modified_gmt":"2018-01-11T04:32:05","slug":"alebrijes-vs-cruz-azul-copa-mx-clausura-2018-en-vivo-minuto-a-minuto","status":"publish","type":"post","link":"http:\/\/desarrollo.grupomedios.com\/futbol\/futbol-mexicano\/alebrijes-vs-cruz-azul-copa-mx-clausura-2018-en-vivo-minuto-a-minuto\/2018\/01","title":{"rendered":"Alebrijes vs Cruz Azul | Copa MX Clausura 2018 | EN VIVO: Minuto a minuto"},"content":{"rendered":"<p>Los<strong> Alebrijes de Oaxaca<\/strong> reciben la visita de la <strong>M\u00e1quina de Cruz Azul<\/strong> en el inicio de su participaci\u00f3n en la <strong>Copa MX<\/strong> en su edici\u00f3n Clausura 2018.<\/p>\n<iframe src=\"https:\/\/en-vivo.futboltotal.com.mx\/embed.php\/?id=495\" width=\"100%\" id=\"frame_minuto\"><\/iframe>\n<p>La M\u00e1quina llega a suelo oaxaque\u00f1o con un agridulce sabor que le dej\u00f3 el empate en su casa contra los Xolos en el debut de <strong>Pedro Caixinha<\/strong> como entrenador.<\/p>\n<p>Los Alebrijes son el actual campe\u00f3n de la <strong>Liga de Ascenso<\/strong>, y podr\u00edan ser un equipo muy competitivo en la justa copera.<\/p>\n<p><strong>\u00a1NO TE PIERDAS EL MINUTO A MINUTO DEL ALEBRIJES VS CRUZ AZUL EN PUNTO DE LAS 20:30 HORAS!<\/strong><\/p>\n","protected":false},"excerpt":{"rendered":"<p>Desde Oaxaca, los Alebrijes querr\u00e1n darle su primer susto a los cementeros<\/p>\n","protected":false},"author":160,"featured_media":514212,"comment_status":"closed","ping_status":"closed","sticky":false,"template":"","format":"standard","meta":[],"categories":[4247,2198,3845],"tags":[4191,285,5962],"_links":{"self":[{"href":"http:\/\/desarrollo.grupomedios.com\/futbol\/wp-json\/wp\/v2\/posts\/514200"}],"collection":[{"href":"http:\/\/desarrollo.grupomedios.com\/futbol\/wp-json\/wp\/v2\/posts"}],"about":[{"href":"http:\/\/desarrollo.grupomedios.com\/futbol\/wp-json\/wp\/v2\/types\/post"}],"author":[{"embeddable":true,"href":"http:\/\/desarrollo.grupomedios.com\/futbol\/wp-json\/wp\/v2\/users\/160"}],"replies":[{"embeddable":true,"href":"http:\/\/desarrollo.grupomedios.com\/futbol\/wp-json\/wp\/v2\/comments?post=514200"}],"version-history":[{"count":1,"href":"http:\/\/desarrollo.grupomedios.com\/futbol\/wp-json\/wp\/v2\/posts\/514200\/revisions"}],"predecessor-version":[{"id":514204,"href":"http:\/\/desarrollo.grupomedios.com\/futbol\/wp-json\/wp\/v2\/posts\/514200\/revisions\/514204"}],"wp:featuredmedia":[{"embeddable":true,"href":"http:\/\/desarrollo.grupomedios.com\/futbol\/wp-json\/wp\/v2\/media\/514212"}],"wp:attachment":[{"href":"http:\/\/desarrollo.grupomedios.com\/futbol\/wp-json\/wp\/v2\/media?parent=514200"}],"wp:term":[{"taxonomy":"category","embeddable":true,"href":"http:\/\/desarrollo.grupomedios.com\/futbol\/wp-json\/wp\/v2\/categories?post=514200"},{"taxonomy":"post_tag","embeddable":true,"href":"http:\/\/desarrollo.grupomedios.com\/futbol\/wp-json\/wp\/v2\/tags?post=514200"}],"curies":[{"name":"wp","href":"https:\/\/api.w.org\/{rel}","templated":true}]}}