{"id":514208,"date":"2018-01-10T17:56:16","date_gmt":"2018-01-10T23:56:16","guid":{"rendered":"https:\/\/www.futboltotal.com.mx\/?p=514208"},"modified":"2018-01-10T17:58:27","modified_gmt":"2018-01-10T23:58:27","slug":"carlos-salcedo-asegura-en-alemania-ven-a-mexico-peligroso","status":"publish","type":"post","link":"http:\/\/desarrollo.grupomedios.com\/futbol\/destacado-home\/carlos-salcedo-asegura-en-alemania-ven-a-mexico-peligroso\/2018\/01","title":{"rendered":"Carlos Salcedo asegura que en Alemania ven a M\u00e9xico peligroso"},"content":{"rendered":"<p>A pesar de que <strong>Alemania<\/strong> le puso un baile a <strong>M\u00e9xico<\/strong> en la pasada <strong>Copa Confederaciones<\/strong>, cuando los derrot\u00f3 4-1 en la Semifinal, el defensa mexicano del <strong>Eintrach Frankfurt<\/strong>, <strong>Carlos Salcedo<\/strong>, ha asegurado que el <strong>Tri<\/strong> es considerado &#8220;peligroso&#8221; en aqu\u00e9l pa\u00eds.<\/p>\n<p>La<strong> Selecci\u00f3n Mexicana<\/strong> qued\u00f3 ubicada junto a los <strong>Campeones del Mundo<\/strong>, <strong>Suecia<\/strong> y <strong>Corea del Sur<\/strong> dentro del <strong>Grupo F de la Copa del Mundo de Rusia 2018<\/strong> y la prensa lo considera como el de mayor peligro en el sector.<\/p>\n<p style=\"text-align: center;\"><span style=\"color: #3366ff;\"><a href=\"https:\/\/www.futboltotal.com.mx\/futbol-mexicano\/seleccion-mexicana\/mexico-jugara-contra-inglaterra-culpa-costa-rica\/2018\/01\">VER M\u00c1S: M\u00e9xico no jugar\u00e1 contra Inglaterra por culpa de Costa Rica<\/a><\/span><\/p>\n<p><mark>&#8220;La prensa sabe de las \u00faltimas actuaciones, lo que hemos venido haciendo en los mundiales, hablan muy bien e incluso tienen ese partido (ante M\u00e9xico) como el m\u00e1s dif\u00edcil del grupo, eso tambi\u00e9n se lo debemos tanto a mis compa\u00f1eros como a toda la gente de la Selecci\u00f3n que hace eso posible, que M\u00e9xico vaya avanzando, esa es la meta&#8221;<\/mark>, dijo a la cadena <em>ESPN<\/em>.<\/p>\n<p><em>El Tit\u00e1n<\/em> se mostr\u00f3 en el mismo tenor que <strong>Andr\u00e9s Guardado<\/strong> y <strong>Chicharito Hern\u00e1ndez<\/strong>, quienes dijeron que M\u00e9xico no solo debe pensar en el quinto partido, sino en ganar el torneo.<\/p>\n<p>&#8220;<mark>Nosotros nos vemos siempre ganando y haciendo bien las cosas, eso es algo que visualizamos, haciendo un muy buen papel, si te digo que es el quinto partido te mentir\u00eda, porque de las 32 selecciones que hay todas van con la mentalidad de salir Campe\u00f3n del Mundo<\/mark>, es algo que nosotros tambi\u00e9n lo tenemos en mente&#8221;, indic\u00f3.<\/p>\n<p><img decoding=\"async\" loading=\"lazy\" class=\"alignnone size-full wp-image-486658\" src=\"https:\/\/www.futboltotal.com.mx\/wp-content\/uploads\/2017\/07\/Salcedo.jpg\" alt=\"Carlos Salcedo asegura que en Alemania ven a M\u00e9xico peligroso 0\" srcset=\"http:\/\/desarrollo.grupomedios.com\/futbol\/wp-content\/uploads\/2017\/07\/Salcedo.jpg 1136w, http:\/\/desarrollo.grupomedios.com\/futbol\/wp-content\/uploads\/2017\/07\/Salcedo-300x169.jpg 300w, http:\/\/desarrollo.grupomedios.com\/futbol\/wp-content\/uploads\/2017\/07\/Salcedo-768x432.jpg 768w, http:\/\/desarrollo.grupomedios.com\/futbol\/wp-content\/uploads\/2017\/07\/Salcedo-1024x576.jpg 1024w, http:\/\/desarrollo.grupomedios.com\/futbol\/wp-content\/uploads\/2017\/07\/Salcedo-317x178.jpg 317w, http:\/\/desarrollo.grupomedios.com\/futbol\/wp-content\/uploads\/2017\/07\/Salcedo-535x301.jpg 535w, http:\/\/desarrollo.grupomedios.com\/futbol\/wp-content\/uploads\/2017\/07\/Salcedo-374x210.jpg 374w\" sizes=\"(max-width: 1136px) 100vw, 1136px\" \/><\/p>\n","protected":false},"excerpt":{"rendered":"<p>El Tit\u00e1n tiene la mentalidad puesta en ser Campe\u00f3n del Mundo.<\/p>\n","protected":false},"author":129,"featured_media":483729,"comment_status":"closed","ping_status":"closed","sticky":false,"template":"","format":"standard","meta":[],"categories":[5,2198,3847],"tags":[6000,5531,6214,65,2232],"_links":{"self":[{"href":"http:\/\/desarrollo.grupomedios.com\/futbol\/wp-json\/wp\/v2\/posts\/514208"}],"collection":[{"href":"http:\/\/desarrollo.grupomedios.com\/futbol\/wp-json\/wp\/v2\/posts"}],"about":[{"href":"http:\/\/desarrollo.grupomedios.com\/futbol\/wp-json\/wp\/v2\/types\/post"}],"author":[{"embeddable":true,"href":"http:\/\/desarrollo.grupomedios.com\/futbol\/wp-json\/wp\/v2\/users\/129"}],"replies":[{"embeddable":true,"href":"http:\/\/desarrollo.grupomedios.com\/futbol\/wp-json\/wp\/v2\/comments?post=514208"}],"version-history":[{"count":3,"href":"http:\/\/desarrollo.grupomedios.com\/futbol\/wp-json\/wp\/v2\/posts\/514208\/revisions"}],"predecessor-version":[{"id":514211,"href":"http:\/\/desarrollo.grupomedios.com\/futbol\/wp-json\/wp\/v2\/posts\/514208\/revisions\/514211"}],"wp:featuredmedia":[{"embeddable":true,"href":"http:\/\/desarrollo.grupomedios.com\/futbol\/wp-json\/wp\/v2\/media\/483729"}],"wp:attachment":[{"href":"http:\/\/desarrollo.grupomedios.com\/futbol\/wp-json\/wp\/v2\/media?parent=514208"}],"wp:term":[{"taxonomy":"category","embeddable":true,"href":"http:\/\/desarrollo.grupomedios.com\/futbol\/wp-json\/wp\/v2\/categories?post=514208"},{"taxonomy":"post_tag","embeddable":true,"href":"http:\/\/desarrollo.grupomedios.com\/futbol\/wp-json\/wp\/v2\/tags?post=514208"}],"curies":[{"name":"wp","href":"https:\/\/api.w.org\/{rel}","templated":true}]}}