{"id":514221,"date":"2018-01-10T21:55:07","date_gmt":"2018-01-11T03:55:07","guid":{"rendered":"https:\/\/www.futboltotal.com.mx\/?p=514221"},"modified":"2018-01-10T21:55:07","modified_gmt":"2018-01-11T03:55:07","slug":"vucetich-la-volpe-candidatos-dt-ecuador","status":"publish","type":"post","link":"http:\/\/desarrollo.grupomedios.com\/futbol\/destacado-home\/vucetich-la-volpe-candidatos-dt-ecuador\/2018\/01","title":{"rendered":"Vucetich y La Volpe, candidatos para ser DT de Ecuador"},"content":{"rendered":"<p>La pobre exhibici\u00f3n que dio la selecci\u00f3n de <strong>Ecuador<\/strong> en las eliminatorias rumbo al Mundial de Rusia 2018 provoc\u00f3 la dimisi\u00f3n de <strong>Gustavo Quinteros<\/strong>.<\/p>\n<p>Esta situaci\u00f3n llev\u00f3 al presidente de la Federaci\u00f3n Ecuatoriana de Futbol, <strong>Carlos Villac\u00eds<\/strong>, a pensar en los siguientes candidatos para ocupar el puesto de director t\u00e9cnico.<\/p>\n<p>La novedad es que dos t\u00e9cnicos que han militado de muy buena manera en el futbol mexicano son candidatos a ocupar la &#8216;silla&#8217;.<\/p>\n<p style=\"text-align: center;\"><span style=\"color: #333399;\"><a href=\"https:\/\/www.futboltotal.com.mx\/copa-mundial-de-futbol-2018\/seleccion-mexicana\/sampaoli-atento-a-los-amistosos-del-tri\">VER M\u00c1S:\u00a0Sampaoli, atento a los amistosos del Tri<\/a><\/span><\/p>\n<p><strong>V\u00edctor Manuel Vucetich y Ricardo La Volpe<\/strong> son dos de los cuatro aspirantes serios a ser el nuevo entrenador de la selecci\u00f3n ecuatoriana.<\/p>\n<p><strong>Daniel Passarella y Gerardo &#8216;Tata&#8217; Martino<\/strong> son los otros dos candidatos a formar parte de la nueva estructura de los sudamericanos.<\/p>\n<p>Villac\u00eds confes\u00f3 que para marzo se espera la posibilidad de tener ya al t\u00e9cnico que sea parte del nuevo proceso rumbo al <strong>Mundial de Qatar 2022<\/strong>.<\/p>\n","protected":false},"excerpt":{"rendered":"<p>El &#8216;Tata&#8217; Martino y Passarella son otras opciones para ser entrenador<\/p>\n","protected":false},"author":160,"featured_media":514222,"comment_status":"closed","ping_status":"closed","sticky":false,"template":"","format":"standard","meta":[],"categories":[5,3839],"tags":[708,767,1575],"_links":{"self":[{"href":"http:\/\/desarrollo.grupomedios.com\/futbol\/wp-json\/wp\/v2\/posts\/514221"}],"collection":[{"href":"http:\/\/desarrollo.grupomedios.com\/futbol\/wp-json\/wp\/v2\/posts"}],"about":[{"href":"http:\/\/desarrollo.grupomedios.com\/futbol\/wp-json\/wp\/v2\/types\/post"}],"author":[{"embeddable":true,"href":"http:\/\/desarrollo.grupomedios.com\/futbol\/wp-json\/wp\/v2\/users\/160"}],"replies":[{"embeddable":true,"href":"http:\/\/desarrollo.grupomedios.com\/futbol\/wp-json\/wp\/v2\/comments?post=514221"}],"version-history":[{"count":1,"href":"http:\/\/desarrollo.grupomedios.com\/futbol\/wp-json\/wp\/v2\/posts\/514221\/revisions"}],"predecessor-version":[{"id":514223,"href":"http:\/\/desarrollo.grupomedios.com\/futbol\/wp-json\/wp\/v2\/posts\/514221\/revisions\/514223"}],"wp:featuredmedia":[{"embeddable":true,"href":"http:\/\/desarrollo.grupomedios.com\/futbol\/wp-json\/wp\/v2\/media\/514222"}],"wp:attachment":[{"href":"http:\/\/desarrollo.grupomedios.com\/futbol\/wp-json\/wp\/v2\/media?parent=514221"}],"wp:term":[{"taxonomy":"category","embeddable":true,"href":"http:\/\/desarrollo.grupomedios.com\/futbol\/wp-json\/wp\/v2\/categories?post=514221"},{"taxonomy":"post_tag","embeddable":true,"href":"http:\/\/desarrollo.grupomedios.com\/futbol\/wp-json\/wp\/v2\/tags?post=514221"}],"curies":[{"name":"wp","href":"https:\/\/api.w.org\/{rel}","templated":true}]}}