{"id":514239,"date":"2018-01-11T14:05:09","date_gmt":"2018-01-11T20:05:09","guid":{"rendered":"https:\/\/www.futboltotal.com.mx\/?p=514239"},"modified":"2018-01-11T14:05:24","modified_gmt":"2018-01-11T20:05:24","slug":"west-ham-desea-vender-a-chicharito-en-este-enero","status":"publish","type":"post","link":"http:\/\/desarrollo.grupomedios.com\/futbol\/destacado-home\/west-ham-desea-vender-a-chicharito-en-este-enero\/2018\/01","title":{"rendered":"West Ham desea vender a Chicharito en este enero"},"content":{"rendered":"<p>El delantero mexicano, <strong>Javier &#8216;Chicharito&#8217; Hern\u00e1ndez<\/strong>, ya no entrar\u00eda en planes del <strong>West Ham United<\/strong>, en espec\u00edfico del estratega escoc\u00e9s\u00a0<strong>David Moyes,\u00a0<\/strong>quien <mark>estar\u00eda dispuesto a desprenderse del atacante en este mismo mercado invernal<\/mark>, es decir que podr\u00eda terminar con nuevo equipo este mismo mes de enero.<\/p>\n<p>Aunque la idea del estratega es renovar por completo el ataque de los <strong>Hammers<\/strong>, por lo que no solo se desprender\u00eda de Javier Hern\u00e1ndez, sino tambi\u00e9n de los atacantes <strong>Andr\u00e9 Ayew<\/strong> y <strong>Andy Carroll<\/strong>, de acuerdo a informaci\u00f3n de\u00a0<em>SkySports\u00a0<\/em>de Inglaterra.\u00a0<mark>El mexicano ha visto disminuidos sus minutos<\/mark> luego del arribo de Moyes al banquillo.<\/p>\n<p style=\"text-align: center;\"><a href=\"https:\/\/www.futboltotal.com.mx\/futbol-mexicano\/liga-mx\/carlos-bacca-delantero-en-la-orbita-del-america\/2018\/01\">VER M\u00c1S: Carlos Bacca, otro delantero en la \u00f3rbita del Am\u00e9rica<\/a><\/p>\n<p>Esta situaci\u00f3n orillar\u00eda al delantero azteca a buscar un nuevo equipo en el que pueda tener participaci\u00f3n constante, sobre todo pensando en la<strong> Copa del Mundo de Rusia 2018<\/strong>, donde se perfila como el titular para <strong>Juan Carlos Osorio<\/strong>. El delantero no anota desde el pasado 28 de octubre en el empate a 2 tantos que tuvo su equipo ante el <strong>Crystal Palace<\/strong> por la Premier League.<\/p>\n<p><mark>Hace poco se habl\u00f3 de un acercamiento que tuvo el equipo\u00a0<a href=\"https:\/\/www.futboltotal.com.mx\/futbol-internacional\/mls-futbol-internacional\/los-angeles-fc-suena-contratar-a-chicharito-hernandez\/2018\/01\" target=\"_blank\" rel=\"noopener\"><strong>Los Angeles FC<\/strong><\/a>\u00a0de la MLS<\/mark>, pues el estratega\u00a0<strong>Bob Bradley\u00a0<\/strong>desea contar con los servicios del mexicano para que haga dupla con su compatriota Carlos Vela, por lo que en la necesidad de buscar actividad podr\u00eda decantarse por el futbol de Estados Unidos.<\/p>\n<blockquote class=\"twitter-tweet\" data-lang=\"es\">\n<p dir=\"ltr\" lang=\"en\">BREAKING: <a href=\"https:\/\/twitter.com\/WestHamUtd?ref_src=twsrc%5Etfw\">@WestHamUtd<\/a> will listen to offers for striker Javier Hernandez in this transfer window, according to Sky sources. <a href=\"https:\/\/twitter.com\/hashtag\/SSN?src=hash&amp;ref_src=twsrc%5Etfw\">#SSN<\/a> <a href=\"https:\/\/t.co\/DeyYKIXKzd\">pic.twitter.com\/DeyYKIXKzd<\/a><\/p>\n<p>\u2014 Sky Sports News (@SkySportsNews) <a href=\"https:\/\/twitter.com\/SkySportsNews\/status\/951387807221714944?ref_src=twsrc%5Etfw\">11 de enero de 2018<\/a><\/p><\/blockquote>\n<p><script async src=\"https:\/\/platform.twitter.com\/widgets.js\" charset=\"utf-8\"><\/script><\/p>\n<p style=\"text-align: center;\"><a href=\"https:\/\/www.futboltotal.com.mx\/futbol-mexicano\/liga-mx\/club-leon-presenta-barras-estrellas-en-tercer-uniforme\/2018\/01\">VER M\u00c1S: Club Le\u00f3n presenta barras y estrellas\u2026 en su tercer uniforme<\/a><\/p>\n","protected":false},"excerpt":{"rendered":"<p>El delantero mexicano tendr\u00eda los minutos contados con los Hammers<\/p>\n","protected":false},"author":159,"featured_media":514240,"comment_status":"closed","ping_status":"closed","sticky":false,"template":"","format":"standard","meta":[],"categories":[5,3839,3846],"tags":[120,549,4037,334,3901],"_links":{"self":[{"href":"http:\/\/desarrollo.grupomedios.com\/futbol\/wp-json\/wp\/v2\/posts\/514239"}],"collection":[{"href":"http:\/\/desarrollo.grupomedios.com\/futbol\/wp-json\/wp\/v2\/posts"}],"about":[{"href":"http:\/\/desarrollo.grupomedios.com\/futbol\/wp-json\/wp\/v2\/types\/post"}],"author":[{"embeddable":true,"href":"http:\/\/desarrollo.grupomedios.com\/futbol\/wp-json\/wp\/v2\/users\/159"}],"replies":[{"embeddable":true,"href":"http:\/\/desarrollo.grupomedios.com\/futbol\/wp-json\/wp\/v2\/comments?post=514239"}],"version-history":[{"count":2,"href":"http:\/\/desarrollo.grupomedios.com\/futbol\/wp-json\/wp\/v2\/posts\/514239\/revisions"}],"predecessor-version":[{"id":514248,"href":"http:\/\/desarrollo.grupomedios.com\/futbol\/wp-json\/wp\/v2\/posts\/514239\/revisions\/514248"}],"wp:featuredmedia":[{"embeddable":true,"href":"http:\/\/desarrollo.grupomedios.com\/futbol\/wp-json\/wp\/v2\/media\/514240"}],"wp:attachment":[{"href":"http:\/\/desarrollo.grupomedios.com\/futbol\/wp-json\/wp\/v2\/media?parent=514239"}],"wp:term":[{"taxonomy":"category","embeddable":true,"href":"http:\/\/desarrollo.grupomedios.com\/futbol\/wp-json\/wp\/v2\/categories?post=514239"},{"taxonomy":"post_tag","embeddable":true,"href":"http:\/\/desarrollo.grupomedios.com\/futbol\/wp-json\/wp\/v2\/tags?post=514239"}],"curies":[{"name":"wp","href":"https:\/\/api.w.org\/{rel}","templated":true}]}}