{"id":514242,"date":"2018-01-11T09:39:59","date_gmt":"2018-01-11T15:39:59","guid":{"rendered":"https:\/\/www.futboltotal.com.mx\/?p=514242"},"modified":"2018-01-11T09:39:59","modified_gmt":"2018-01-11T15:39:59","slug":"veracruz-se-seleccionado-peruano","status":"publish","type":"post","link":"http:\/\/desarrollo.grupomedios.com\/futbol\/futbol-mexicano\/veracruz-se-seleccionado-peruano\/2018\/01","title":{"rendered":"Veracruz se hace con otro seleccionado peruano"},"content":{"rendered":"<p>La fiebre de los jugadores peruanos contin\u00faa y con todo en la<strong> Liga MX<\/strong>, pues los <a href=\"https:\/\/www.futboltotal.com.mx\/futbol-mexicano\/copa-mx\/atlas-0-veracruz-1-copa-mx-clausura-2018-resumen\/2018\/01\" target=\"_blank\" rel=\"noopener\"><strong>Tiburones Rojos de Veracruz<\/strong><\/a> <mark>se hicieron con el defensa <strong>Christian Ramos<\/strong><\/mark>, quien ser\u00e1 parte del plantel que busque la salvaci\u00f3n en el actual torneo <strong>Clausura 2018<\/strong>. El futbolista de 29 a\u00f1os llega procedente del futbol ecuatoriano con el\u00a0<strong>Emelec<\/strong>.<\/p>\n<p>El jugador peruano pertenec\u00eda a\u00a0<strong>Gimnasia y Esgrima de La Plata<\/strong>, sin embargo no lleg\u00f3 a ning\u00fan acuerdo con el futbolista, por lo qued\u00f3 libre para contratarse con el cuadro de los Tiburones. El futbolista disput\u00f3 25 partidos el a\u00f1o anterior con el Emelec, mientras que con el conjunto argentino apenas logr\u00f3 ver acci\u00f3n en cuatro encuentros.<\/p>\n<p style=\"text-align: center;\"><a href=\"https:\/\/www.futboltotal.com.mx\/futbol-mexicano\/liga-mx\/carlos-bacca-delantero-en-la-orbita-del-america\/2018\/01\">VER M\u00c1S: Carlos Bacca, otro delantero en la \u00f3rbita del Am\u00e9rica<\/a><\/p>\n<p>Ramos <mark>fue uno de los futbolistas que consigui\u00f3 el pase a la <strong>Copa del Mundo de Rusia 2018<\/strong> <\/mark>con la <strong>Selecci\u00f3n de Per\u00fa<\/strong> en el repechaje ante Nueva Zelanda en noviembre pasado, incluso <mark>fue uno de los anotadores del encuentro decisivo<\/mark>. Con su selecci\u00f3n vio actividad en 14 partidos, por lo que es un candidato natural para asistir a la justa veraniega.<\/p>\n<p>Se espera que llegue a M\u00e9xico este viernes, pues requiere de estar en\u00a0Guatemala para tramitar su visa de trabajo para que en la noche del fin de semana pueda llegar al puerto e incorporarse con el resto de la plantilla. El futbolista se sentir\u00e1 como en casa pues estar\u00e1 con su compatriota <mark><strong>Pedro Gallese, Wilder Cartagena<\/strong> y el segundo guardameta\u00a0<strong>Carlos C\u00e1ceda<\/strong><\/mark>, aunque este \u00faltimo ser\u00e1 prestado, aunque no se sabe si a un equipo mexicano o al extranjero.<\/p>\n<p style=\"text-align: center;\"><a href=\"https:\/\/www.futboltotal.com.mx\/futbol-mexicano\/liga-mx\/club-leon-presenta-barras-estrellas-en-tercer-uniforme\/2018\/01\">VER M\u00c1S: Club Le\u00f3n presenta barras y estrellas\u2026 en su tercer uniforme<\/a><\/p>\n<p>&nbsp;<\/p>\n","protected":false},"excerpt":{"rendered":"<p>El cuadro de los Tiburones tendr\u00e1 a su tercer peruano en el plantel<\/p>\n","protected":false},"author":159,"featured_media":514243,"comment_status":"closed","ping_status":"closed","sticky":false,"template":"","format":"standard","meta":[],"categories":[2198,3845],"tags":[11551,9028,64,722,298,6049],"_links":{"self":[{"href":"http:\/\/desarrollo.grupomedios.com\/futbol\/wp-json\/wp\/v2\/posts\/514242"}],"collection":[{"href":"http:\/\/desarrollo.grupomedios.com\/futbol\/wp-json\/wp\/v2\/posts"}],"about":[{"href":"http:\/\/desarrollo.grupomedios.com\/futbol\/wp-json\/wp\/v2\/types\/post"}],"author":[{"embeddable":true,"href":"http:\/\/desarrollo.grupomedios.com\/futbol\/wp-json\/wp\/v2\/users\/159"}],"replies":[{"embeddable":true,"href":"http:\/\/desarrollo.grupomedios.com\/futbol\/wp-json\/wp\/v2\/comments?post=514242"}],"version-history":[{"count":1,"href":"http:\/\/desarrollo.grupomedios.com\/futbol\/wp-json\/wp\/v2\/posts\/514242\/revisions"}],"predecessor-version":[{"id":514244,"href":"http:\/\/desarrollo.grupomedios.com\/futbol\/wp-json\/wp\/v2\/posts\/514242\/revisions\/514244"}],"wp:featuredmedia":[{"embeddable":true,"href":"http:\/\/desarrollo.grupomedios.com\/futbol\/wp-json\/wp\/v2\/media\/514243"}],"wp:attachment":[{"href":"http:\/\/desarrollo.grupomedios.com\/futbol\/wp-json\/wp\/v2\/media?parent=514242"}],"wp:term":[{"taxonomy":"category","embeddable":true,"href":"http:\/\/desarrollo.grupomedios.com\/futbol\/wp-json\/wp\/v2\/categories?post=514242"},{"taxonomy":"post_tag","embeddable":true,"href":"http:\/\/desarrollo.grupomedios.com\/futbol\/wp-json\/wp\/v2\/tags?post=514242"}],"curies":[{"name":"wp","href":"https:\/\/api.w.org\/{rel}","templated":true}]}}