{"id":514258,"date":"2018-01-11T11:05:13","date_gmt":"2018-01-11T17:05:13","guid":{"rendered":"https:\/\/www.futboltotal.com.mx\/?p=514258"},"modified":"2018-01-11T11:12:00","modified_gmt":"2018-01-11T17:12:00","slug":"javier-mascherano-ya-tendria-acuerdo-ir-a-china","status":"publish","type":"post","link":"http:\/\/desarrollo.grupomedios.com\/futbol\/futbol-internacional\/javier-mascherano-ya-tendria-acuerdo-ir-a-china\/2018\/01","title":{"rendered":"Javier Mascherano ya tendr\u00eda acuerdo para ir a China"},"content":{"rendered":"<p>Luego de que el <strong>Barcelona<\/strong> anunciara la <span style=\"color: #3366ff;\"><a href=\"https:\/\/www.futboltotal.com.mx\/futbol-internacional\/barcelona-ficha-a-yerry-mina-del-palmeiras\/2018\/01\">llegada de<strong> Yerry Mina<\/strong><\/a><\/span>, parece que el defensor argentino, <strong>Javier Mascherano<\/strong>, tendr\u00eda acuerdo con el <strong>Hebei China Fortune<\/strong> por 10 millones de euros, seg\u00fan el diario deportivo catal\u00e1n <em>Sport<\/em>.<\/p>\n<p>Mascherano podr\u00eda jugar, seg\u00fan la prensa, su \u00faltimo partido como azulgrana la noche de este jueves en el partido de vuelta de los <strong>octavos de final de la Copa del Rey<\/strong> contra el <strong>Celta<\/strong> en el <strong>Camp Nou<\/strong>.<\/p>\n<p style=\"text-align: center;\"><span style=\"color: #3366ff;\"><a href=\"https:\/\/www.futboltotal.com.mx\/futbol-mexicano\/liga-mx\/carlos-bacca-delantero-en-la-orbita-del-america\/2018\/01\">VER M\u00c1S: Carlos Bacca, otro delantero en la \u00f3rbita del Am\u00e9rica<\/a><\/span><\/p>\n<p>Y es que la llegada del refuerzo Yerry Mina al conjunto cul\u00e9 aceler\u00f3 la salida del argentino.<\/p>\n<p><mark>&#8220;Tras unas negociaciones que se han alargado m\u00e1s de lo previsto, el acuerdo entre el Hebei y el conjunto azulgrana ya es una realidad despu\u00e9s de que el club chino haya subido su oferta de siete a 10 millones de euros, precio que fij\u00f3 el <strong>Bar\u00e7a<\/strong> para llevar a cabo la operaci\u00f3n&#8221;,<\/mark> explica el diario deportivo catal\u00e1n.<\/p>\n<p>&#8220;De hecho, y seg\u00fan ha podido saber <em>SPORT<\/em>, el OK definitivo se produjo a principios de esta semana. El jugador ya hab\u00eda comunicado al vestuario que su decisi\u00f3n era firme, pero por aquel entonces a\u00fan quedaban flecos por resolver&#8221;.<\/p>\n<blockquote class=\"twitter-tweet\" data-data-dnt=\"true\">\n<p lang=\"ja\" dir=\"ltr\">\ud83d\udc4b Yerry Mina<br \/>Welcome!<br \/>\u00a1Bienvenido!<br \/>Benvingut!<br \/>Bienvenue!<br \/>\u0645\u0631\u062d\u0628\u0627\u064b!<br \/>Bem-vindo!<br \/>Selamat datang!<br \/>Ho\u015f geldin!<br \/>\u3088\u3046\u3053\u305d!<br \/>\u6b22\u8fce!<br \/>\u6b61\u8fce!<br \/>Willkommen!<br \/>\ud83d\udd35\ud83d\udd34 <a href=\"https:\/\/twitter.com\/hashtag\/BeBar%C3%A7a?src=hash&amp;ref_src=twsrc%5Etfw\">#BeBar\u00e7a<\/a> <a href=\"https:\/\/t.co\/J8Y0bQlL2m\">pic.twitter.com\/J8Y0bQlL2m<\/a><\/p>\n<p>&mdash; FC Barcelona (@FCBarcelona_es) <a href=\"https:\/\/twitter.com\/FCBarcelona_es\/status\/951395627346382849?ref_src=twsrc%5Etfw\">January 11, 2018<\/a><\/p><\/blockquote>\n<p><script async src=\"https:\/\/platform.twitter.com\/widgets.js\" charset=\"utf-8\"><\/script><\/p>\n","protected":false},"excerpt":{"rendered":"<p>El jugador argentino estar\u00eda firmando para la S\u00faper Liga China,<\/p>\n","protected":false},"author":129,"featured_media":509115,"comment_status":"closed","ping_status":"closed","sticky":false,"template":"","format":"standard","meta":[],"categories":[3839,3844],"tags":[5984,6029,6114,1913],"_links":{"self":[{"href":"http:\/\/desarrollo.grupomedios.com\/futbol\/wp-json\/wp\/v2\/posts\/514258"}],"collection":[{"href":"http:\/\/desarrollo.grupomedios.com\/futbol\/wp-json\/wp\/v2\/posts"}],"about":[{"href":"http:\/\/desarrollo.grupomedios.com\/futbol\/wp-json\/wp\/v2\/types\/post"}],"author":[{"embeddable":true,"href":"http:\/\/desarrollo.grupomedios.com\/futbol\/wp-json\/wp\/v2\/users\/129"}],"replies":[{"embeddable":true,"href":"http:\/\/desarrollo.grupomedios.com\/futbol\/wp-json\/wp\/v2\/comments?post=514258"}],"version-history":[{"count":3,"href":"http:\/\/desarrollo.grupomedios.com\/futbol\/wp-json\/wp\/v2\/posts\/514258\/revisions"}],"predecessor-version":[{"id":514261,"href":"http:\/\/desarrollo.grupomedios.com\/futbol\/wp-json\/wp\/v2\/posts\/514258\/revisions\/514261"}],"wp:featuredmedia":[{"embeddable":true,"href":"http:\/\/desarrollo.grupomedios.com\/futbol\/wp-json\/wp\/v2\/media\/509115"}],"wp:attachment":[{"href":"http:\/\/desarrollo.grupomedios.com\/futbol\/wp-json\/wp\/v2\/media?parent=514258"}],"wp:term":[{"taxonomy":"category","embeddable":true,"href":"http:\/\/desarrollo.grupomedios.com\/futbol\/wp-json\/wp\/v2\/categories?post=514258"},{"taxonomy":"post_tag","embeddable":true,"href":"http:\/\/desarrollo.grupomedios.com\/futbol\/wp-json\/wp\/v2\/tags?post=514258"}],"curies":[{"name":"wp","href":"https:\/\/api.w.org\/{rel}","templated":true}]}}