{"id":514271,"date":"2018-01-11T13:29:42","date_gmt":"2018-01-11T19:29:42","guid":{"rendered":"https:\/\/www.futboltotal.com.mx\/?p=514271"},"modified":"2018-01-11T13:29:42","modified_gmt":"2018-01-11T19:29:42","slug":"los-peruanos-invaden-la-liga-mx","status":"publish","type":"post","link":"http:\/\/desarrollo.grupomedios.com\/futbol\/futbol-mexicano\/los-peruanos-invaden-la-liga-mx\/2018\/01","title":{"rendered":"Los 13 peruanos invaden la Liga MX"},"content":{"rendered":"<p>La <strong>Liga MX<\/strong> se ha convertido en un aut\u00e9ntico escaparate para los jugadores peruanos, desde la llegada de <mark><strong>Ra\u00fal Ruid\u00edaz<\/strong>, bicampe\u00f3n de goleo con <strong>Monarcas Morelia<\/strong><\/mark>, los futbolistas incas han encontrado espacio en el mercado mexicano, haci\u00e9ndose de un buen lugar en el presente Clausura 2018.<\/p>\n<p><strong>Lobos BUAP<\/strong> y <a href=\"https:\/\/www.futboltotal.com.mx\/futbol-mexicano\/copa-mx\/atlas-0-veracruz-1-copa-mx-clausura-2018-resumen\/2018\/01\" target=\"_blank\" rel=\"noopener\"><strong>Tiburones Rojos de Veracruz<\/strong><\/a> son de los equipos que m\u00e1s est\u00e1n apostando por el talento de los sudamericanos, la mayor\u00eda de ellos buscar\u00e1n un lugar en la <strong>Copa del Mundo de Rusia 2018<\/strong> por lo que se espera que muestren un nivel importante dentro de nuestro balompi\u00e9 y destaquen entre los muchos extranjeros que hay en el pa\u00eds.<\/p>\n<p style=\"text-align: center;\"><a href=\"https:\/\/www.futboltotal.com.mx\/futbol-internacional\/champions-league\/revelan-11-ideal-uefa-2017\/2018\/01\">VER M\u00c1S: Revelan el 11 ideal UEFA de 2017<\/a><\/p>\n<p>Aqu\u00ed la lista con los 13 peruanos que podr\u00edan ver acci\u00f3n en la Liga MX:<\/p>\n<h2><strong>ATLAS<\/strong><\/h2>\n<h3>Alexi G\u00f3mez<\/h3>\n<p><img decoding=\"async\" loading=\"lazy\" class=\"aligncenter size-full wp-image-514272\" src=\"https:\/\/www.futboltotal.com.mx\/wp-content\/uploads\/2018\/01\/alexi-gomez.jpg\" alt=\"Los 13 peruanos invaden la Liga MX 0\" srcset=\"http:\/\/desarrollo.grupomedios.com\/futbol\/wp-content\/uploads\/2018\/01\/alexi-gomez.jpg 1136w, http:\/\/desarrollo.grupomedios.com\/futbol\/wp-content\/uploads\/2018\/01\/alexi-gomez-300x169.jpg 300w, http:\/\/desarrollo.grupomedios.com\/futbol\/wp-content\/uploads\/2018\/01\/alexi-gomez-768x432.jpg 768w, http:\/\/desarrollo.grupomedios.com\/futbol\/wp-content\/uploads\/2018\/01\/alexi-gomez-1024x576.jpg 1024w, http:\/\/desarrollo.grupomedios.com\/futbol\/wp-content\/uploads\/2018\/01\/alexi-gomez-393x221.jpg 393w\" sizes=\"(max-width: 1136px) 100vw, 1136px\" \/><\/p>\n<h3>Roberto Villamar\u00edn<\/h3>\n<p><img decoding=\"async\" loading=\"lazy\" class=\"aligncenter size-full wp-image-514273\" src=\"https:\/\/www.futboltotal.com.mx\/wp-content\/uploads\/2018\/01\/roberto-villamarin.jpg\" alt=\"Los 13 peruanos invaden la Liga MX 1\" srcset=\"http:\/\/desarrollo.grupomedios.com\/futbol\/wp-content\/uploads\/2018\/01\/roberto-villamarin.jpg 1136w, http:\/\/desarrollo.grupomedios.com\/futbol\/wp-content\/uploads\/2018\/01\/roberto-villamarin-300x169.jpg 300w, http:\/\/desarrollo.grupomedios.com\/futbol\/wp-content\/uploads\/2018\/01\/roberto-villamarin-768x432.jpg 768w, http:\/\/desarrollo.grupomedios.com\/futbol\/wp-content\/uploads\/2018\/01\/roberto-villamarin-1024x576.jpg 1024w, http:\/\/desarrollo.grupomedios.com\/futbol\/wp-content\/uploads\/2018\/01\/roberto-villamarin-393x221.jpg 393w\" sizes=\"(max-width: 1136px) 100vw, 1136px\" \/><\/p>\n<h2><strong>LOBOS BUAP<\/strong><\/h2>\n<h3>Luis Adv\u00edncula<\/h3>\n<p><img decoding=\"async\" loading=\"lazy\" class=\"aligncenter size-full wp-image-514274\" src=\"https:\/\/www.futboltotal.com.mx\/wp-content\/uploads\/2018\/01\/luis-advincula.jpg\" alt=\"Los 13 peruanos invaden la Liga MX 2\" srcset=\"http:\/\/desarrollo.grupomedios.com\/futbol\/wp-content\/uploads\/2018\/01\/luis-advincula.jpg 1136w, http:\/\/desarrollo.grupomedios.com\/futbol\/wp-content\/uploads\/2018\/01\/luis-advincula-300x169.jpg 300w, http:\/\/desarrollo.grupomedios.com\/futbol\/wp-content\/uploads\/2018\/01\/luis-advincula-768x432.jpg 768w, http:\/\/desarrollo.grupomedios.com\/futbol\/wp-content\/uploads\/2018\/01\/luis-advincula-1024x576.jpg 1024w, http:\/\/desarrollo.grupomedios.com\/futbol\/wp-content\/uploads\/2018\/01\/luis-advincula-393x221.jpg 393w\" sizes=\"(max-width: 1136px) 100vw, 1136px\" \/><\/p>\n<h3>Irven \u00c1vila<\/h3>\n<p><img decoding=\"async\" loading=\"lazy\" class=\"aligncenter size-full wp-image-514275\" src=\"https:\/\/www.futboltotal.com.mx\/wp-content\/uploads\/2018\/01\/irven-avila.jpg\" alt=\"Los 13 peruanos invaden la Liga MX 3\" srcset=\"http:\/\/desarrollo.grupomedios.com\/futbol\/wp-content\/uploads\/2018\/01\/irven-avila.jpg 1136w, http:\/\/desarrollo.grupomedios.com\/futbol\/wp-content\/uploads\/2018\/01\/irven-avila-300x169.jpg 300w, http:\/\/desarrollo.grupomedios.com\/futbol\/wp-content\/uploads\/2018\/01\/irven-avila-768x432.jpg 768w, http:\/\/desarrollo.grupomedios.com\/futbol\/wp-content\/uploads\/2018\/01\/irven-avila-1024x576.jpg 1024w, http:\/\/desarrollo.grupomedios.com\/futbol\/wp-content\/uploads\/2018\/01\/irven-avila-393x221.jpg 393w\" sizes=\"(max-width: 1136px) 100vw, 1136px\" \/><\/p>\n<h3>Pedro Aquino<\/h3>\n<p><img decoding=\"async\" loading=\"lazy\" class=\"aligncenter size-full wp-image-514276\" src=\"https:\/\/www.futboltotal.com.mx\/wp-content\/uploads\/2018\/01\/pedro-aquino.jpg\" alt=\"Los 13 peruanos invaden la Liga MX 4\" srcset=\"http:\/\/desarrollo.grupomedios.com\/futbol\/wp-content\/uploads\/2018\/01\/pedro-aquino.jpg 1136w, http:\/\/desarrollo.grupomedios.com\/futbol\/wp-content\/uploads\/2018\/01\/pedro-aquino-300x169.jpg 300w, http:\/\/desarrollo.grupomedios.com\/futbol\/wp-content\/uploads\/2018\/01\/pedro-aquino-768x432.jpg 768w, http:\/\/desarrollo.grupomedios.com\/futbol\/wp-content\/uploads\/2018\/01\/pedro-aquino-1024x576.jpg 1024w, http:\/\/desarrollo.grupomedios.com\/futbol\/wp-content\/uploads\/2018\/01\/pedro-aquino-393x221.jpg 393w\" sizes=\"(max-width: 1136px) 100vw, 1136px\" \/><\/p>\n<h2><strong>MONARCAS MORELIA<\/strong><\/h2>\n<h3>Ra\u00fal Ruid\u00edaz<\/h3>\n<p><img decoding=\"async\" loading=\"lazy\" class=\"aligncenter size-full wp-image-514277\" src=\"https:\/\/www.futboltotal.com.mx\/wp-content\/uploads\/2018\/01\/raul-ruidiaz.jpg\" alt=\"Los 13 peruanos invaden la Liga MX 5\" srcset=\"http:\/\/desarrollo.grupomedios.com\/futbol\/wp-content\/uploads\/2018\/01\/raul-ruidiaz.jpg 1136w, http:\/\/desarrollo.grupomedios.com\/futbol\/wp-content\/uploads\/2018\/01\/raul-ruidiaz-300x169.jpg 300w, http:\/\/desarrollo.grupomedios.com\/futbol\/wp-content\/uploads\/2018\/01\/raul-ruidiaz-768x432.jpg 768w, http:\/\/desarrollo.grupomedios.com\/futbol\/wp-content\/uploads\/2018\/01\/raul-ruidiaz-1024x576.jpg 1024w, http:\/\/desarrollo.grupomedios.com\/futbol\/wp-content\/uploads\/2018\/01\/raul-ruidiaz-393x221.jpg 393w\" sizes=\"(max-width: 1136px) 100vw, 1136px\" \/><\/p>\n<h3>Ray Sandoval<\/h3>\n<p><img decoding=\"async\" loading=\"lazy\" class=\"aligncenter size-full wp-image-514278\" src=\"https:\/\/www.futboltotal.com.mx\/wp-content\/uploads\/2018\/01\/ray-sandoval.jpg\" alt=\"Los 13 peruanos invaden la Liga MX 6\" srcset=\"http:\/\/desarrollo.grupomedios.com\/futbol\/wp-content\/uploads\/2018\/01\/ray-sandoval.jpg 1136w, http:\/\/desarrollo.grupomedios.com\/futbol\/wp-content\/uploads\/2018\/01\/ray-sandoval-300x169.jpg 300w, http:\/\/desarrollo.grupomedios.com\/futbol\/wp-content\/uploads\/2018\/01\/ray-sandoval-768x432.jpg 768w, http:\/\/desarrollo.grupomedios.com\/futbol\/wp-content\/uploads\/2018\/01\/ray-sandoval-1024x576.jpg 1024w, http:\/\/desarrollo.grupomedios.com\/futbol\/wp-content\/uploads\/2018\/01\/ray-sandoval-393x221.jpg 393w\" sizes=\"(max-width: 1136px) 100vw, 1136px\" \/><\/p>\n<h3>Andy Polo<\/h3>\n<p><img decoding=\"async\" loading=\"lazy\" class=\"aligncenter size-full wp-image-514279\" src=\"https:\/\/www.futboltotal.com.mx\/wp-content\/uploads\/2018\/01\/andy-polo.jpg\" alt=\"Los 13 peruanos invaden la Liga MX 7\" srcset=\"http:\/\/desarrollo.grupomedios.com\/futbol\/wp-content\/uploads\/2018\/01\/andy-polo.jpg 1136w, http:\/\/desarrollo.grupomedios.com\/futbol\/wp-content\/uploads\/2018\/01\/andy-polo-300x169.jpg 300w, http:\/\/desarrollo.grupomedios.com\/futbol\/wp-content\/uploads\/2018\/01\/andy-polo-768x432.jpg 768w, http:\/\/desarrollo.grupomedios.com\/futbol\/wp-content\/uploads\/2018\/01\/andy-polo-1024x576.jpg 1024w, http:\/\/desarrollo.grupomedios.com\/futbol\/wp-content\/uploads\/2018\/01\/andy-polo-393x221.jpg 393w\" sizes=\"(max-width: 1136px) 100vw, 1136px\" \/><\/p>\n<h2><strong>PUEBLA<\/strong><\/h2>\n<h3>Anderson Santamar\u00eda<\/h3>\n<p><img decoding=\"async\" loading=\"lazy\" class=\"aligncenter size-full wp-image-514280\" src=\"https:\/\/www.futboltotal.com.mx\/wp-content\/uploads\/2018\/01\/santamaria.jpg\" alt=\"Los 13 peruanos invaden la Liga MX 8\" srcset=\"http:\/\/desarrollo.grupomedios.com\/futbol\/wp-content\/uploads\/2018\/01\/santamaria.jpg 1136w, http:\/\/desarrollo.grupomedios.com\/futbol\/wp-content\/uploads\/2018\/01\/santamaria-300x169.jpg 300w, http:\/\/desarrollo.grupomedios.com\/futbol\/wp-content\/uploads\/2018\/01\/santamaria-768x432.jpg 768w, http:\/\/desarrollo.grupomedios.com\/futbol\/wp-content\/uploads\/2018\/01\/santamaria-1024x576.jpg 1024w, http:\/\/desarrollo.grupomedios.com\/futbol\/wp-content\/uploads\/2018\/01\/santamaria-393x221.jpg 393w\" sizes=\"(max-width: 1136px) 100vw, 1136px\" \/><\/p>\n<h2><strong>VERACRUZ<\/strong><\/h2>\n<h3>Pedro Gallese<\/h3>\n<p><img decoding=\"async\" loading=\"lazy\" class=\"aligncenter size-full wp-image-514281\" src=\"https:\/\/www.futboltotal.com.mx\/wp-content\/uploads\/2018\/01\/pedro-gallese.jpg\" alt=\"Los 13 peruanos invaden la Liga MX 9\" srcset=\"http:\/\/desarrollo.grupomedios.com\/futbol\/wp-content\/uploads\/2018\/01\/pedro-gallese.jpg 1136w, http:\/\/desarrollo.grupomedios.com\/futbol\/wp-content\/uploads\/2018\/01\/pedro-gallese-300x169.jpg 300w, http:\/\/desarrollo.grupomedios.com\/futbol\/wp-content\/uploads\/2018\/01\/pedro-gallese-768x432.jpg 768w, http:\/\/desarrollo.grupomedios.com\/futbol\/wp-content\/uploads\/2018\/01\/pedro-gallese-1024x576.jpg 1024w, http:\/\/desarrollo.grupomedios.com\/futbol\/wp-content\/uploads\/2018\/01\/pedro-gallese-393x221.jpg 393w\" sizes=\"(max-width: 1136px) 100vw, 1136px\" \/><\/p>\n<h3>Carlos C\u00e1ceda<\/h3>\n<p><img decoding=\"async\" loading=\"lazy\" class=\"aligncenter size-full wp-image-514282\" src=\"https:\/\/www.futboltotal.com.mx\/wp-content\/uploads\/2018\/01\/carlos-caceda-1.jpg\" alt=\"Los 13 peruanos invaden la Liga MX 10\" srcset=\"http:\/\/desarrollo.grupomedios.com\/futbol\/wp-content\/uploads\/2018\/01\/carlos-caceda-1.jpg 1136w, http:\/\/desarrollo.grupomedios.com\/futbol\/wp-content\/uploads\/2018\/01\/carlos-caceda-1-300x169.jpg 300w, http:\/\/desarrollo.grupomedios.com\/futbol\/wp-content\/uploads\/2018\/01\/carlos-caceda-1-768x432.jpg 768w, http:\/\/desarrollo.grupomedios.com\/futbol\/wp-content\/uploads\/2018\/01\/carlos-caceda-1-1024x576.jpg 1024w, http:\/\/desarrollo.grupomedios.com\/futbol\/wp-content\/uploads\/2018\/01\/carlos-caceda-1-393x221.jpg 393w\" sizes=\"(max-width: 1136px) 100vw, 1136px\" \/><\/p>\n<h3>Christian Ramos<\/h3>\n<p><img decoding=\"async\" loading=\"lazy\" class=\"aligncenter size-full wp-image-514283\" src=\"https:\/\/www.futboltotal.com.mx\/wp-content\/uploads\/2018\/01\/chrisitan-ramos-1.jpg\" alt=\"Los 13 peruanos invaden la Liga MX 11\" srcset=\"http:\/\/desarrollo.grupomedios.com\/futbol\/wp-content\/uploads\/2018\/01\/chrisitan-ramos-1.jpg 1136w, http:\/\/desarrollo.grupomedios.com\/futbol\/wp-content\/uploads\/2018\/01\/chrisitan-ramos-1-300x169.jpg 300w, http:\/\/desarrollo.grupomedios.com\/futbol\/wp-content\/uploads\/2018\/01\/chrisitan-ramos-1-768x432.jpg 768w, http:\/\/desarrollo.grupomedios.com\/futbol\/wp-content\/uploads\/2018\/01\/chrisitan-ramos-1-1024x576.jpg 1024w, http:\/\/desarrollo.grupomedios.com\/futbol\/wp-content\/uploads\/2018\/01\/chrisitan-ramos-1-393x221.jpg 393w\" sizes=\"(max-width: 1136px) 100vw, 1136px\" \/><\/p>\n<h3>Wilder Cartagena<\/h3>\n<p><img decoding=\"async\" loading=\"lazy\" class=\"aligncenter size-full wp-image-514284\" src=\"https:\/\/www.futboltotal.com.mx\/wp-content\/uploads\/2018\/01\/wilder-cartagena.jpg\" alt=\"Los 13 peruanos invaden la Liga MX 12\" srcset=\"http:\/\/desarrollo.grupomedios.com\/futbol\/wp-content\/uploads\/2018\/01\/wilder-cartagena.jpg 1136w, http:\/\/desarrollo.grupomedios.com\/futbol\/wp-content\/uploads\/2018\/01\/wilder-cartagena-300x169.jpg 300w, http:\/\/desarrollo.grupomedios.com\/futbol\/wp-content\/uploads\/2018\/01\/wilder-cartagena-768x432.jpg 768w, http:\/\/desarrollo.grupomedios.com\/futbol\/wp-content\/uploads\/2018\/01\/wilder-cartagena-1024x576.jpg 1024w, http:\/\/desarrollo.grupomedios.com\/futbol\/wp-content\/uploads\/2018\/01\/wilder-cartagena-393x221.jpg 393w\" sizes=\"(max-width: 1136px) 100vw, 1136px\" \/><\/p>\n<p style=\"text-align: center;\"><a href=\"https:\/\/www.futboltotal.com.mx\/futbol-mexicano\/liga-mx\/club-leon-presenta-barras-estrellas-en-tercer-uniforme\/2018\/01\">VER M\u00c1S: Club Le\u00f3n presenta barras y estrellas\u2026 en su tercer uniforme<\/a><\/p>\n","protected":false},"excerpt":{"rendered":"<p>Los jugadores incas estar\u00e1n en M\u00e9xico y muchos buscar\u00e1n su lugar para la Copa del Mundo de Rusia 2018<\/p>\n","protected":false},"author":159,"featured_media":514285,"comment_status":"closed","ping_status":"closed","sticky":false,"template":"","format":"standard","meta":[],"categories":[7570,2198,3845],"tags":[11363,11559,11558,11510,11551,9028,11557,64,8087,9742,7204,722,7620,11412,11556,11560],"_links":{"self":[{"href":"http:\/\/desarrollo.grupomedios.com\/futbol\/wp-json\/wp\/v2\/posts\/514271"}],"collection":[{"href":"http:\/\/desarrollo.grupomedios.com\/futbol\/wp-json\/wp\/v2\/posts"}],"about":[{"href":"http:\/\/desarrollo.grupomedios.com\/futbol\/wp-json\/wp\/v2\/types\/post"}],"author":[{"embeddable":true,"href":"http:\/\/desarrollo.grupomedios.com\/futbol\/wp-json\/wp\/v2\/users\/159"}],"replies":[{"embeddable":true,"href":"http:\/\/desarrollo.grupomedios.com\/futbol\/wp-json\/wp\/v2\/comments?post=514271"}],"version-history":[{"count":1,"href":"http:\/\/desarrollo.grupomedios.com\/futbol\/wp-json\/wp\/v2\/posts\/514271\/revisions"}],"predecessor-version":[{"id":514286,"href":"http:\/\/desarrollo.grupomedios.com\/futbol\/wp-json\/wp\/v2\/posts\/514271\/revisions\/514286"}],"wp:featuredmedia":[{"embeddable":true,"href":"http:\/\/desarrollo.grupomedios.com\/futbol\/wp-json\/wp\/v2\/media\/514285"}],"wp:attachment":[{"href":"http:\/\/desarrollo.grupomedios.com\/futbol\/wp-json\/wp\/v2\/media?parent=514271"}],"wp:term":[{"taxonomy":"category","embeddable":true,"href":"http:\/\/desarrollo.grupomedios.com\/futbol\/wp-json\/wp\/v2\/categories?post=514271"},{"taxonomy":"post_tag","embeddable":true,"href":"http:\/\/desarrollo.grupomedios.com\/futbol\/wp-json\/wp\/v2\/tags?post=514271"}],"curies":[{"name":"wp","href":"https:\/\/api.w.org\/{rel}","templated":true}]}}