{"id":514287,"date":"2018-01-11T13:54:23","date_gmt":"2018-01-11T19:54:23","guid":{"rendered":"https:\/\/www.futboltotal.com.mx\/?p=514287"},"modified":"2018-01-11T14:06:14","modified_gmt":"2018-01-11T20:06:14","slug":"miguel-layun-se-uniria-a-guardado-en-betis","status":"publish","type":"post","link":"http:\/\/desarrollo.grupomedios.com\/futbol\/destacado-home\/miguel-layun-se-uniria-a-guardado-en-betis\/2018\/01","title":{"rendered":"Miguel Lay\u00fan se unir\u00eda a Guardado en el Betis"},"content":{"rendered":"<p>El <mark><strong>Real Betis<\/strong> tiene la intenci\u00f3n de reforzar a su plantel para este mercado invernal y entre los \u00faltimos nombres que est\u00e1 manejando es el del lateral mexicano, <a href=\"https:\/\/www.futboltotal.com.mx\/futbol-internacional\/liga-de-espana\/miguel-layun-nueva-novia-en-espana\/2018\/01\" target=\"_blank\" rel=\"noopener\"><strong>Miguel Lay\u00fan<\/strong><\/a><\/mark>, lateral del <strong>Porto<\/strong> quien est\u00e1 entre la lista de deseos para ocupar la parcela izquierda. Aunque el club verdiblanco est\u00e1 haciendo todo por obtener la cesi\u00f3n del jugador, sabe que ya han sido varios los pretendientes que la directiva de los <strong>Dragones<\/strong> rechazaron.<\/p>\n<p style=\"text-align: center;\"><a href=\"https:\/\/www.futboltotal.com.mx\/futbol-internacional\/liga-de-inglaterra\/west-ham-desea-vender-a-chicharito-en-este-enero\/2018\/01\">VER M\u00c1S: West Ham desea vender a Chicharito en este enero<\/a><\/p>\n<p>El futbolista mexicano no ha logrado tener continuidad en Portugal por lo que est\u00e1 pidiendo su salida a la directiva del Porto con el objetivo de <mark>llegar en ritmo para la <strong>Copa del Mundo de Rusia 2018<\/strong><\/mark>, pero se han negado a darle salida, ha sido vinculado con otros equipos como el <strong>Deportivo Alav\u00e9s<\/strong>, pero a pesar que interesa en Europa el problema principal es que su club no desea otorgarle la salida, de acuerdo con diario AS.<\/p>\n<p>Por su parte el cuadro del <strong>Betis<\/strong> tiene serias dudas en ambos laterales por lo que le caer\u00eda bien la llegada de un jugador como <strong>Lay\u00fan<\/strong>, por otro lado es cierto que su prioridad es encontrar alguien capaz de jugar en el lado izquierdo y adem\u00e1s como defensa central. Las opci\u00f3n que tiene es la de\u00a0<strong>Rafa Navarro,<\/strong> quien podr\u00eda salir en invierno, lo que hace que tome fuerza la llegada de Lay\u00fan.<\/p>\n<p style=\"text-align: center;\"><a href=\"https:\/\/www.futboltotal.com.mx\/futbol-mexicano\/liga-mx\/los-peruanos-invaden-la-liga-mx\/2018\/01\">VER M\u00c1S: Los 13 peruanos invaden la Liga MX<\/a><\/p>\n<p>&nbsp;<\/p>\n<p>&nbsp;<\/p>\n","protected":false},"excerpt":{"rendered":"<p>El lateral mexicano est\u00e1 desesperado por salir del Porto en busca de minutos para Rusia 2018<\/p>\n","protected":false},"author":159,"featured_media":514289,"comment_status":"closed","ping_status":"closed","sticky":false,"template":"","format":"standard","meta":[],"categories":[5,3839,3844],"tags":[6046,1035,1208,1192],"_links":{"self":[{"href":"http:\/\/desarrollo.grupomedios.com\/futbol\/wp-json\/wp\/v2\/posts\/514287"}],"collection":[{"href":"http:\/\/desarrollo.grupomedios.com\/futbol\/wp-json\/wp\/v2\/posts"}],"about":[{"href":"http:\/\/desarrollo.grupomedios.com\/futbol\/wp-json\/wp\/v2\/types\/post"}],"author":[{"embeddable":true,"href":"http:\/\/desarrollo.grupomedios.com\/futbol\/wp-json\/wp\/v2\/users\/159"}],"replies":[{"embeddable":true,"href":"http:\/\/desarrollo.grupomedios.com\/futbol\/wp-json\/wp\/v2\/comments?post=514287"}],"version-history":[{"count":1,"href":"http:\/\/desarrollo.grupomedios.com\/futbol\/wp-json\/wp\/v2\/posts\/514287\/revisions"}],"predecessor-version":[{"id":514291,"href":"http:\/\/desarrollo.grupomedios.com\/futbol\/wp-json\/wp\/v2\/posts\/514287\/revisions\/514291"}],"wp:featuredmedia":[{"embeddable":true,"href":"http:\/\/desarrollo.grupomedios.com\/futbol\/wp-json\/wp\/v2\/media\/514289"}],"wp:attachment":[{"href":"http:\/\/desarrollo.grupomedios.com\/futbol\/wp-json\/wp\/v2\/media?parent=514287"}],"wp:term":[{"taxonomy":"category","embeddable":true,"href":"http:\/\/desarrollo.grupomedios.com\/futbol\/wp-json\/wp\/v2\/categories?post=514287"},{"taxonomy":"post_tag","embeddable":true,"href":"http:\/\/desarrollo.grupomedios.com\/futbol\/wp-json\/wp\/v2\/tags?post=514287"}],"curies":[{"name":"wp","href":"https:\/\/api.w.org\/{rel}","templated":true}]}}