{"id":514299,"date":"2018-01-11T14:49:55","date_gmt":"2018-01-11T20:49:55","guid":{"rendered":"https:\/\/www.futboltotal.com.mx\/?p=514299"},"modified":"2018-01-11T14:49:55","modified_gmt":"2018-01-11T20:49:55","slug":"en-chivas-piden-hacer-la-vaquita-traer-a-chicharito","status":"publish","type":"post","link":"http:\/\/desarrollo.grupomedios.com\/futbol\/futbol-mexicano\/en-chivas-piden-hacer-la-vaquita-traer-a-chicharito\/2018\/01","title":{"rendered":"En Chivas piden &#8220;hacer la vaquita&#8221; para traer a Chicharito"},"content":{"rendered":"<p>Las <strong>Chivas Rayadas del Guadalajara<\/strong> ver\u00edan con muy buenos ojos el regreso de <strong>Javier &#8216;Chicharito&#8217; Hern\u00e1ndez<\/strong> al seno del Reba\u00f1o Sagrado.<\/p>\n<p><strong>Jair Pereira<\/strong>, defensa de los rojiblancos, se\u00f1al\u00f3 que el delantero mexicano es un futbolista que todo mucho quisiera tener en su equipo.<\/p>\n<p><mark>&#8220;Si existe la oportunidad de que venga a las Chivas estar\u00edamos con los brazos abiertos. Es un goleador nato, alguien que se encuentra en el \u00e1rea listo para anotar. Ojal\u00e1 que se pueda hacer, y si se necesita pues &#8216;hay que hacer la vaquita'&#8221;,<\/mark> sentenci\u00f3 Pereira.<\/p>\n<p style=\"text-align: center;\"><span style=\"color: #0000ff;\"><a href=\"https:\/\/www.futboltotal.com.mx\/futbol-internacional\/los-posibles-destinos-tendria-chicharito\/2018\/01\">VER M\u00c1S: <span class=\"item-title\">Los posibles destinos que tendr\u00eda Chicharito<\/span><\/a><\/span><\/p>\n<p>Javier Hern\u00e1ndez no vive su mejor \u00e9poca en Europa, donde ha pasado de ser un refuerzo &#8220;bomba&#8221; con <strong>West Ham<\/strong> a ser uno de los futbolistas que podr\u00edan dejar al equipo por no ser del gusto de <strong>David Moyes<\/strong> y ya le estar\u00edan buscando nuevo hogar.<\/p>\n","protected":false},"excerpt":{"rendered":"<p>El delantero mexicano ser\u00eda bien recibido en el seno del Reba\u00f1o Sagrado<\/p>\n","protected":false},"author":160,"featured_media":514303,"comment_status":"closed","ping_status":"closed","sticky":false,"template":"","format":"standard","meta":[],"categories":[2198,3845],"tags":[5985,70,4037,955,1743],"_links":{"self":[{"href":"http:\/\/desarrollo.grupomedios.com\/futbol\/wp-json\/wp\/v2\/posts\/514299"}],"collection":[{"href":"http:\/\/desarrollo.grupomedios.com\/futbol\/wp-json\/wp\/v2\/posts"}],"about":[{"href":"http:\/\/desarrollo.grupomedios.com\/futbol\/wp-json\/wp\/v2\/types\/post"}],"author":[{"embeddable":true,"href":"http:\/\/desarrollo.grupomedios.com\/futbol\/wp-json\/wp\/v2\/users\/160"}],"replies":[{"embeddable":true,"href":"http:\/\/desarrollo.grupomedios.com\/futbol\/wp-json\/wp\/v2\/comments?post=514299"}],"version-history":[{"count":1,"href":"http:\/\/desarrollo.grupomedios.com\/futbol\/wp-json\/wp\/v2\/posts\/514299\/revisions"}],"predecessor-version":[{"id":514304,"href":"http:\/\/desarrollo.grupomedios.com\/futbol\/wp-json\/wp\/v2\/posts\/514299\/revisions\/514304"}],"wp:featuredmedia":[{"embeddable":true,"href":"http:\/\/desarrollo.grupomedios.com\/futbol\/wp-json\/wp\/v2\/media\/514303"}],"wp:attachment":[{"href":"http:\/\/desarrollo.grupomedios.com\/futbol\/wp-json\/wp\/v2\/media?parent=514299"}],"wp:term":[{"taxonomy":"category","embeddable":true,"href":"http:\/\/desarrollo.grupomedios.com\/futbol\/wp-json\/wp\/v2\/categories?post=514299"},{"taxonomy":"post_tag","embeddable":true,"href":"http:\/\/desarrollo.grupomedios.com\/futbol\/wp-json\/wp\/v2\/tags?post=514299"}],"curies":[{"name":"wp","href":"https:\/\/api.w.org\/{rel}","templated":true}]}}