{"id":514317,"date":"2018-01-11T19:13:10","date_gmt":"2018-01-12T01:13:10","guid":{"rendered":"https:\/\/www.futboltotal.com.mx\/?p=514317"},"modified":"2018-01-11T19:13:10","modified_gmt":"2018-01-12T01:13:10","slug":"salida-neymar-al-psg-retroceso-ronaldo","status":"publish","type":"post","link":"http:\/\/desarrollo.grupomedios.com\/futbol\/futbol-internacional\/salida-neymar-al-psg-retroceso-ronaldo\/2018\/01","title":{"rendered":"Salida de Neymar al PSG, un retroceso: Ronaldo"},"content":{"rendered":"<p>El exastro brasile\u00f1o, <strong>Ronaldo Nazario da Lima<\/strong>, tiene toda la autoridad para hablar sobre los delanteros brasile\u00f1os y no dud\u00f3 en hacerlo con la actual figura de su pa\u00eds,<strong> Neymar Jr<\/strong>.<\/p>\n<p>En una pl\u00e1tica que comparti\u00f3 el legendario <strong>Zico<\/strong> en su canal de en <strong>Youtube<\/strong>, el <em>Fen\u00f3meno<\/em>\u00a0habl\u00f3 sobre la decisi\u00f3n de irse del <strong>Bar\u00e7a<\/strong> para jugar en el f\u00fatbol franc\u00e9s.<\/p>\n<p style=\"text-align: center;\"><span style=\"color: #3366ff;\"><a href=\"https:\/\/www.futboltotal.com.mx\/futbol-internacional\/los-goles-miguel-layun-hector-herrera-en-triunfo-porto\/2018\/01\">VER M\u00c1S: Los goles de Miguel Lay\u00fan y H\u00e9ctor Herrera en el triunfo Porto<\/a><\/span><\/p>\n<p>&#8220;Deportivamente, su decisi\u00f3n es un paso atr\u00e1s pero son desaf\u00edos que cada uno hace. Yo tambi\u00e9n en mi \u00e9poca jugaba en el Barcelona y fui al Inter de Milan cuando el campeonato italiano era mucho m\u00e1s competitivo&#8221;, sentenci\u00f3 Ronaldo.<\/p>\n<p>A quien s\u00ed elogi\u00f3 fue a <strong>Gabriel Jes\u00fas<\/strong>, joven delantero del <strong>City<\/strong>: &#8220;\u00c9l est\u00e1 preparado para soportar la presi\u00f3n. Es un chico extremadamente talentoso, tiene una disciplina y una dedicaci\u00f3n\u2026 yo me veo muchas veces en \u00e9l, en las ganas que tiene de ganar, su disponibilidad en el campo, sus movimientos\u2026 Hac\u00eda tiempo que est\u00e1bamos necesitando un 9 en la selecci\u00f3n brasile\u00f1a. Mi agencia trabaja con su imagen y comercialmente es muy f\u00e1cil de vender. Vamos a apoyarlo mucho porque el <strong>Mundial<\/strong> est\u00e1 llegando y necesitamos sus goles&#8221;.<\/p>\n<p style=\"text-align: center;\"><a href=\"https:\/\/www.futboltotal.com.mx\/futbol-internacional\/rey-barcelona-destroza-al-celta-en-media-hora\/2018\/01\">VER M\u00c1S: \u00a1As\u00ed se gana! Como Rey, Barcelona destroza al Celta en media hora<\/a><\/p>\n<p><iframe loading=\"lazy\" src=\"https:\/\/www.youtube.com\/embed\/A9vGX3U6iso?feature=oembed\" frameborder=\"0\" allow=\"autoplay; encrypted-media\" allowfullscreen><\/iframe><\/p>\n","protected":false},"excerpt":{"rendered":"<p>El Fen\u00f3meno lament\u00f3 que haya dejado el Barcelona.<\/p>\n","protected":false},"author":129,"featured_media":514318,"comment_status":"closed","ping_status":"closed","sticky":false,"template":"","format":"standard","meta":[],"categories":[3839,9609],"tags":[6009,6001,114,1504],"_links":{"self":[{"href":"http:\/\/desarrollo.grupomedios.com\/futbol\/wp-json\/wp\/v2\/posts\/514317"}],"collection":[{"href":"http:\/\/desarrollo.grupomedios.com\/futbol\/wp-json\/wp\/v2\/posts"}],"about":[{"href":"http:\/\/desarrollo.grupomedios.com\/futbol\/wp-json\/wp\/v2\/types\/post"}],"author":[{"embeddable":true,"href":"http:\/\/desarrollo.grupomedios.com\/futbol\/wp-json\/wp\/v2\/users\/129"}],"replies":[{"embeddable":true,"href":"http:\/\/desarrollo.grupomedios.com\/futbol\/wp-json\/wp\/v2\/comments?post=514317"}],"version-history":[{"count":1,"href":"http:\/\/desarrollo.grupomedios.com\/futbol\/wp-json\/wp\/v2\/posts\/514317\/revisions"}],"predecessor-version":[{"id":514319,"href":"http:\/\/desarrollo.grupomedios.com\/futbol\/wp-json\/wp\/v2\/posts\/514317\/revisions\/514319"}],"wp:featuredmedia":[{"embeddable":true,"href":"http:\/\/desarrollo.grupomedios.com\/futbol\/wp-json\/wp\/v2\/media\/514318"}],"wp:attachment":[{"href":"http:\/\/desarrollo.grupomedios.com\/futbol\/wp-json\/wp\/v2\/media?parent=514317"}],"wp:term":[{"taxonomy":"category","embeddable":true,"href":"http:\/\/desarrollo.grupomedios.com\/futbol\/wp-json\/wp\/v2\/categories?post=514317"},{"taxonomy":"post_tag","embeddable":true,"href":"http:\/\/desarrollo.grupomedios.com\/futbol\/wp-json\/wp\/v2\/tags?post=514317"}],"curies":[{"name":"wp","href":"https:\/\/api.w.org\/{rel}","templated":true}]}}