{"id":514341,"date":"2018-01-12T09:44:35","date_gmt":"2018-01-12T15:44:35","guid":{"rendered":"https:\/\/www.futboltotal.com.mx\/?p=514341"},"modified":"2018-01-12T09:45:25","modified_gmt":"2018-01-12T15:45:25","slug":"chicharito-tendria-reencuentro-manchester-united","status":"publish","type":"post","link":"http:\/\/desarrollo.grupomedios.com\/futbol\/destacado-home\/chicharito-tendria-reencuentro-manchester-united\/2018\/01","title":{"rendered":"Chicharito tendr\u00eda reencuentro con el Manchester United"},"content":{"rendered":"<p>El delantero mexicano <a href=\"https:\/\/www.futboltotal.com.mx\/futbol-mexicano\/en-chivas-piden-hacer-la-vaquita-traer-a-chicharito\/2018\/01\" target=\"_blank\" rel=\"noopener\"><strong>Javier &#8216;Chicharito&#8217; Hern\u00e1ndez<\/strong><\/a> tendr\u00eda las puertas abiertas para salir del <strong>West Ham United<\/strong>, luego que el estratega <strong>David Moyes<\/strong> piensa que hay un &#8216;exceso de delanteros&#8217; en el cuadro de los Hammers, <a href=\"https:\/\/www.futboltotal.com.mx\/futbol-internacional\/liga-de-inglaterra\/los-posibles-destinos-tendria-chicharito\/2018\/01\" target=\"_blank\" rel=\"noopener\">el atacante ya ten\u00eda en las puertas cinco ofertas<\/a>, varias de ellas muy atractivas, pero ahora ha salido nueva informaci\u00f3n que lo vincula con un ex equipo.<\/p>\n<p>De acuerdo con el diario\u00a0The Telegraph en Inglaterra indica que el mismo <mark>Manchester United estar\u00eda buscando al delantero mexicano, as\u00ed como lo hiciera en 2010<\/mark>, esto <mark>debido a las constantes lesiones que han aquejado al delantero sueco <a href=\"https:\/\/www.futboltotal.com.mx\/futbol-internacional\/liga-de-inglaterra\/zlatan-ibrahimovic-dejara-al-manuantes-de-terminar-la-temporada\/2018\/01\" target=\"_blank\" rel=\"noopener\"><strong>Zlatan Ibrahimovic<\/strong><\/a><\/mark> aunado a que suena para el futbol de China o Estados Unidos, por lo que Jos\u00e9 Mourinho querr\u00eda un elemento de garant\u00edas para ser suplente o apoyar al belga\u00a0<strong>Romelu Lukaku.<\/strong><\/p>\n<p><strong>ESTA ENTRE TRES OPCIONES<\/strong><\/p>\n<p>Lo cierto es que Hern\u00e1ndez <mark>se encuentra entre la baraja de posibilidades para los <strong>Red Devils<\/strong><\/mark> pues otros dos nombres tambi\u00e9n toman fuerza, de acuerdo con la publicaci\u00f3n; Uno de ellos es <strong>Alexis S\u00e1nchez<\/strong>, actual delantero del <strong>Arsenal,<\/strong> sin embargo su salida se perfila hacia el <strong>Manchester City<\/strong>, por lo que la opci\u00f3n parece dif\u00edcil.<\/p>\n<p>El segundo se trata de\u00a0<strong>Jamie Vardy<\/strong>, un aut\u00e9ntico estandarte del\u00a0<strong>Leicester City<\/strong>, pero con pocas posibilidades de salir en este mercado de invierno, por lo que la opci\u00f3n de Chicharito toma un poco de m\u00e1s fuerza, sobre todo debido a que est\u00e1 buscando un escaparate en Europa para tener minutos de cara a la <strong>Copa del Mundo de Rusia 2018<\/strong>.<\/p>\n<p>En julio del 2017 <strong>Jos\u00e9 Mourinho<\/strong> expres\u00f3 lo siguiente acerca del delantero mexicano; &#8220;sali\u00f3 del Manchester United no s\u00e9 si fue su deseo o el del anterior t\u00e9cnico, pero es un buen jugador, un jugador que siempre puede hacer goles. <mark>Es alguien que siempre ser\u00eda bienvenido en mi equipo porque no necesita mucho para marcar<\/mark>&#8220;, lo que hace pensar que es del total agrado del portugu\u00e9s.<\/p>\n<blockquote class=\"twitter-tweet\" data-lang=\"es\">\n<p dir=\"ltr\" lang=\"en\">Man Utd inquire after Javier Hernandez, Alexis Sanchez and Jamie Vardy in bid to provide some back-up for Romelu Lukaku <a href=\"https:\/\/t.co\/mEJIF0vETh\">https:\/\/t.co\/mEJIF0vETh<\/a><\/p>\n<p>\u2014 Telegraph Football (@TeleFootball) <a href=\"https:\/\/twitter.com\/TeleFootball\/status\/951771991639441408?ref_src=twsrc%5Etfw\">12 de enero de 2018<\/a><\/p><\/blockquote>\n<p><script async src=\"https:\/\/platform.twitter.com\/widgets.js\" charset=\"utf-8\"><\/script><\/p>\n<p>&nbsp;<\/p>\n","protected":false},"excerpt":{"rendered":"<p>El delantero mexicano volver\u00eda al equipo que le dio la oportunidad de llegar a Europa en 2010<\/p>\n","protected":false},"author":159,"featured_media":514342,"comment_status":"closed","ping_status":"closed","sticky":false,"template":"","format":"standard","meta":[],"categories":[5,3839,3846],"tags":[120,549,43,334,3901],"_links":{"self":[{"href":"http:\/\/desarrollo.grupomedios.com\/futbol\/wp-json\/wp\/v2\/posts\/514341"}],"collection":[{"href":"http:\/\/desarrollo.grupomedios.com\/futbol\/wp-json\/wp\/v2\/posts"}],"about":[{"href":"http:\/\/desarrollo.grupomedios.com\/futbol\/wp-json\/wp\/v2\/types\/post"}],"author":[{"embeddable":true,"href":"http:\/\/desarrollo.grupomedios.com\/futbol\/wp-json\/wp\/v2\/users\/159"}],"replies":[{"embeddable":true,"href":"http:\/\/desarrollo.grupomedios.com\/futbol\/wp-json\/wp\/v2\/comments?post=514341"}],"version-history":[{"count":1,"href":"http:\/\/desarrollo.grupomedios.com\/futbol\/wp-json\/wp\/v2\/posts\/514341\/revisions"}],"predecessor-version":[{"id":514343,"href":"http:\/\/desarrollo.grupomedios.com\/futbol\/wp-json\/wp\/v2\/posts\/514341\/revisions\/514343"}],"wp:featuredmedia":[{"embeddable":true,"href":"http:\/\/desarrollo.grupomedios.com\/futbol\/wp-json\/wp\/v2\/media\/514342"}],"wp:attachment":[{"href":"http:\/\/desarrollo.grupomedios.com\/futbol\/wp-json\/wp\/v2\/media?parent=514341"}],"wp:term":[{"taxonomy":"category","embeddable":true,"href":"http:\/\/desarrollo.grupomedios.com\/futbol\/wp-json\/wp\/v2\/categories?post=514341"},{"taxonomy":"post_tag","embeddable":true,"href":"http:\/\/desarrollo.grupomedios.com\/futbol\/wp-json\/wp\/v2\/tags?post=514341"}],"curies":[{"name":"wp","href":"https:\/\/api.w.org\/{rel}","templated":true}]}}