{"id":514347,"date":"2018-01-12T10:54:22","date_gmt":"2018-01-12T16:54:22","guid":{"rendered":"https:\/\/www.futboltotal.com.mx\/?p=514347"},"modified":"2018-01-12T10:54:22","modified_gmt":"2018-01-12T16:54:22","slug":"thiago-silva-pone-a-arder-vestuario-del-psg","status":"publish","type":"post","link":"http:\/\/desarrollo.grupomedios.com\/futbol\/futbol-internacional\/thiago-silva-pone-a-arder-vestuario-del-psg\/2018\/01","title":{"rendered":"Thiago Silva pone a arder el vestuario del PSG"},"content":{"rendered":"<p>El <strong>Paris Saint-Germain<\/strong> es uno de los equipos de moda en Europa, el fichaje del brasile\u00f1o <a href=\"https:\/\/www.futboltotal.com.mx\/futbol-internacional\/liga-de-francia-futbol-internacional\/salida-neymar-al-psg-retroceso-ronaldo\/2018\/01\" target=\"_blank\" rel=\"noopener\"><strong>Neymar<\/strong><\/a> lo ha llevado a alturas insospechadas, al menos de forma medi\u00e1tica, pero desde aquellos primeros roces que existieron entre el &#8217;10&#8217; parisino y <strong>Edinson Cavani<\/strong> a la hora de cobrar una pena m\u00e1xima est\u00e1 claro que las cosas en el vestuario del equipo franc\u00e9s ha comenzado a verse m\u00e1s fracturado.<\/p>\n<p>Las cosas han puesto los pelos de punta al estratega <strong>Unai Emery<\/strong> quien ha tenido que lidiar con todos los problemas de su equipo y ahora se ha cargado un nuevo problema pues el defensa central y capit\u00e1n del equipo, <strong>Thiago Silva<\/strong> ha vuelto a poner al rojo vivo la discordia en el vestuario, as\u00ed lo indica el diario franc\u00e9s\u00a0<em>L&#8217;\u00c9quipe\u00a0<\/em>que indica el disgusto del brasile\u00f1o con <strong>Edinson Cavani<\/strong> y <strong>Javier Pastore<\/strong>, quien retrasaron su vuelta a los entrenamientos.<\/p>\n<p style=\"text-align: center;\"><a href=\"https:\/\/www.futboltotal.com.mx\/futbol-internacional\/liga-de-inglaterra\/chicharito-tendria-reencuentro-manchester-united\/2018\/01\">VER M\u00c1S: Chicharito tendr\u00eda reencuentro con el Manchester United<\/a><\/p>\n<p>&#8220;Es un momento importante para el club y <mark>debemos estar todos juntos y no hacer cosas que no son buenas para la entidad<\/mark>.<mark>\u00a0Hay que pensar antes de hacer cosas as\u00ed, no es bueno para nadie<\/mark>. Hay una diferencia entre\u00a0Pastore y Cavani. <mark>Creo que\u00a0Pastore\u00a0ha dicho al club que quer\u00eda marcharse y al final no han encontrado un acuerdo.\u00a0<\/mark>Lo de Cavani es distinto&#8221;, declar\u00f3 en zona mixta el defensa central de Brasil, palabras que encendieron la mecha dentro del grupo.<\/p>\n<p>El delantero uruguayo al momento se ha quedado en silencio, pero el que ha hablado y puesto las cosas m\u00e1s tensas ha sido Pastore;\u00a0&#8220;<mark>no he hablado\u00a0nunca con Thiago ni de mi futuro ni de mi problema<\/mark>. <mark>No he presionado al club ni a nadie, no es mi estilo, y \u00e9l no sabe el problema que me ha obligado a llegar tarde de las vacaciones<\/mark>. Y\u00a0es mentira que me quiera ir del PSG, quiero acabar mi carrera aqu\u00ed&#8221;, estableci\u00f3 el argentino.<\/p>\n<p>De acuerdo con el diario franc\u00e9s esto radica en la divisi\u00f3n que existe entre sudamericanos dentro de la plantilla, pues<strong> Thiago Silva, Dani Alves, Marquinhos, Neymar y Lucas Moura<\/strong> han hecho un clan brasile\u00f1o que se ha relacionado de gran forma con Emery, dejando relegado a aquel comandado por <strong>Edinson Cavani, Javier Pastore, \u00c1ngel di Mar\u00eda y\u00a0Giovani Lo Celso<\/strong>, por lo que las cosas no pintan nada bien para los parisinos. Por el momento esto no se ha visto reflejado en el terreno de juego.<\/p>\n<p style=\"text-align: center;\"><a href=\"https:\/\/www.futboltotal.com.mx\/futbol-mexicano\/liga-mx\/independiente-va-jugador-tigres\/2018\/01\">VER M\u00c1S: Independiente va con todo por jugador de Tigres<\/a><\/p>\n<p>&nbsp;<\/p>\n","protected":false},"excerpt":{"rendered":"<p>El cuadro parisino ha vivido momentos pol\u00e9micos desde la llegada de Neymar <\/p>\n","protected":false},"author":159,"featured_media":514348,"comment_status":"closed","ping_status":"closed","sticky":false,"template":"","format":"standard","meta":[],"categories":[3839,9609],"tags":[6037,6101,6001,1376,114,6010],"_links":{"self":[{"href":"http:\/\/desarrollo.grupomedios.com\/futbol\/wp-json\/wp\/v2\/posts\/514347"}],"collection":[{"href":"http:\/\/desarrollo.grupomedios.com\/futbol\/wp-json\/wp\/v2\/posts"}],"about":[{"href":"http:\/\/desarrollo.grupomedios.com\/futbol\/wp-json\/wp\/v2\/types\/post"}],"author":[{"embeddable":true,"href":"http:\/\/desarrollo.grupomedios.com\/futbol\/wp-json\/wp\/v2\/users\/159"}],"replies":[{"embeddable":true,"href":"http:\/\/desarrollo.grupomedios.com\/futbol\/wp-json\/wp\/v2\/comments?post=514347"}],"version-history":[{"count":1,"href":"http:\/\/desarrollo.grupomedios.com\/futbol\/wp-json\/wp\/v2\/posts\/514347\/revisions"}],"predecessor-version":[{"id":514349,"href":"http:\/\/desarrollo.grupomedios.com\/futbol\/wp-json\/wp\/v2\/posts\/514347\/revisions\/514349"}],"wp:featuredmedia":[{"embeddable":true,"href":"http:\/\/desarrollo.grupomedios.com\/futbol\/wp-json\/wp\/v2\/media\/514348"}],"wp:attachment":[{"href":"http:\/\/desarrollo.grupomedios.com\/futbol\/wp-json\/wp\/v2\/media?parent=514347"}],"wp:term":[{"taxonomy":"category","embeddable":true,"href":"http:\/\/desarrollo.grupomedios.com\/futbol\/wp-json\/wp\/v2\/categories?post=514347"},{"taxonomy":"post_tag","embeddable":true,"href":"http:\/\/desarrollo.grupomedios.com\/futbol\/wp-json\/wp\/v2\/tags?post=514347"}],"curies":[{"name":"wp","href":"https:\/\/api.w.org\/{rel}","templated":true}]}}