{"id":514353,"date":"2018-01-12T11:51:47","date_gmt":"2018-01-12T17:51:47","guid":{"rendered":"https:\/\/www.futboltotal.com.mx\/?p=514353"},"modified":"2018-01-12T11:51:47","modified_gmt":"2018-01-12T17:51:47","slug":"directiva-chivas-no-sufrira-cambios","status":"publish","type":"post","link":"http:\/\/desarrollo.grupomedios.com\/futbol\/destacado-home\/directiva-chivas-no-sufrira-cambios\/2018\/01","title":{"rendered":"OFICIAL: Directiva de Chivas no sufrir\u00e1 cambios"},"content":{"rendered":"<p>A pesar que el due\u00f1o del Reba\u00f1o, <strong>Jorge Vergara<\/strong> hab\u00eda reconocido en una entrevista que el <a href=\"https:\/\/www.futboltotal.com.mx\/futbol-mexicano\/en-chivas-piden-hacer-la-vaquita-traer-a-chicharito\/2018\/01\" target=\"_blank\" rel=\"noopener\"><strong>Club Deportivo Guadalajara<\/strong><\/a> tendr\u00eda cambios en su organigrama y estructura, ahora ha salido a la luz un comunicado en el que esta versi\u00f3n se desecha por completo, indicando que todas las partes que conforman<strong> Chivas<\/strong> se mantendr\u00e1n tal y como est\u00e1n hasta ahora.<\/p>\n<p>El presidente del equipo, <strong>Jorge Vergara<\/strong>, en conjunto con\u00a0<strong>Jos\u00e9 Luis Higuera<\/strong>, CEO Chivas-Omnilife, anunciaron a trav\u00e9s de un comunicado que no habr\u00e1 ning\u00fan tipo de movimiento en la estructura actual de Chivas, dejando as\u00ed por cerrado el tema de posibles movimientos que se hab\u00eda manejado en \u00faltimos d\u00edas.<\/p>\n<blockquote class=\"twitter-tweet\" data-lang=\"es\">\n<p dir=\"ltr\" lang=\"pt\">Comunicado oficial <a href=\"https:\/\/t.co\/1w1Q3kfaic\">pic.twitter.com\/1w1Q3kfaic<\/a><\/p>\n<p>\u2014 CHIVAS (@Chivas) <a href=\"https:\/\/twitter.com\/Chivas\/status\/951827155784171520?ref_src=twsrc%5Etfw\">12 de enero de 2018<\/a><\/p><\/blockquote>\n<p><script async src=\"https:\/\/platform.twitter.com\/widgets.js\" charset=\"utf-8\"><\/script><\/p>\n<p style=\"text-align: center;\"><a href=\"https:\/\/www.futboltotal.com.mx\/futbol-internacional\/liga-de-inglaterra\/chicharito-tendria-reencuentro-manchester-united\/2018\/01\">VER M\u00c1S: Chicharito tendr\u00eda reencuentro con el Manchester United<\/a><\/p>\n<p>\u201cA trav\u00e9s de este conducto el Club Deportivo Guadalajara <mark>informa que no habr\u00e1 ning\u00fan cambio ni incorporaci\u00f3n de alg\u00fan elemento en la estructura administrativa o deportiva de la instituci\u00f3n<\/mark>, por lo cual las responsabilidades y funciones directivas continuar\u00e1n como hasta ahora\u201d, termin\u00f3 por anunciar el comunicado que va firmado por Vergara e Higuera.<\/p>\n<p><mark>La aclaraci\u00f3n se hace debido a que Jorge Vergara indicara que habr\u00eda modificaciones en una entrevista para ESPN<\/mark>; \u201cVamos a hacer cambios en la organizaci\u00f3n de\u00a0<b>Chivas<\/b>. No habr\u00e1 presidente deportivo, pero s\u00ed cambios. No vendr\u00e1 ning\u00fan director deportivo, (Mat\u00edas) Almeyda se queda tal como est\u00e1, pero s\u00ed habr\u00e1 cambios en la organizaci\u00f3n\u201d, expres\u00f3 el directivo, sin embargo ahora ha salido a retractarse de lo dicho.<\/p>\n<p style=\"text-align: center;\"><a href=\"https:\/\/www.futboltotal.com.mx\/futbol-mexicano\/liga-mx\/carlos-fierro-cruz-azul-lugar-donde-debe-madurar\/2018\/01\">VER M\u00c1S: Carlos Fierro y Cruz Azul, el lugar donde debe madurar<\/a><\/p>\n","protected":false},"excerpt":{"rendered":"<p>El presidente del equipo aclar\u00f3 que no habr\u00e1 ninguna modificaci\u00f3n en la estructura del equipo<\/p>\n","protected":false},"author":159,"featured_media":514354,"comment_status":"closed","ping_status":"closed","sticky":false,"template":"","format":"standard","meta":[],"categories":[5,2198,3845],"tags":[70,5963,8441,243,64],"_links":{"self":[{"href":"http:\/\/desarrollo.grupomedios.com\/futbol\/wp-json\/wp\/v2\/posts\/514353"}],"collection":[{"href":"http:\/\/desarrollo.grupomedios.com\/futbol\/wp-json\/wp\/v2\/posts"}],"about":[{"href":"http:\/\/desarrollo.grupomedios.com\/futbol\/wp-json\/wp\/v2\/types\/post"}],"author":[{"embeddable":true,"href":"http:\/\/desarrollo.grupomedios.com\/futbol\/wp-json\/wp\/v2\/users\/159"}],"replies":[{"embeddable":true,"href":"http:\/\/desarrollo.grupomedios.com\/futbol\/wp-json\/wp\/v2\/comments?post=514353"}],"version-history":[{"count":1,"href":"http:\/\/desarrollo.grupomedios.com\/futbol\/wp-json\/wp\/v2\/posts\/514353\/revisions"}],"predecessor-version":[{"id":514355,"href":"http:\/\/desarrollo.grupomedios.com\/futbol\/wp-json\/wp\/v2\/posts\/514353\/revisions\/514355"}],"wp:featuredmedia":[{"embeddable":true,"href":"http:\/\/desarrollo.grupomedios.com\/futbol\/wp-json\/wp\/v2\/media\/514354"}],"wp:attachment":[{"href":"http:\/\/desarrollo.grupomedios.com\/futbol\/wp-json\/wp\/v2\/media?parent=514353"}],"wp:term":[{"taxonomy":"category","embeddable":true,"href":"http:\/\/desarrollo.grupomedios.com\/futbol\/wp-json\/wp\/v2\/categories?post=514353"},{"taxonomy":"post_tag","embeddable":true,"href":"http:\/\/desarrollo.grupomedios.com\/futbol\/wp-json\/wp\/v2\/tags?post=514353"}],"curies":[{"name":"wp","href":"https:\/\/api.w.org\/{rel}","templated":true}]}}