{"id":514371,"date":"2018-01-12T13:27:17","date_gmt":"2018-01-12T19:27:17","guid":{"rendered":"https:\/\/www.futboltotal.com.mx\/?p=514371"},"modified":"2018-01-12T15:19:26","modified_gmt":"2018-01-12T21:19:26","slug":"oficial-matias-britos-nuevo-jugador-queretaro","status":"publish","type":"post","link":"http:\/\/desarrollo.grupomedios.com\/futbol\/destacado-home\/oficial-matias-britos-nuevo-jugador-queretaro\/2018\/01","title":{"rendered":"OFICIAL: Mat\u00edas Britos es nuevo jugador de Quer\u00e9taro"},"content":{"rendered":"<p>El delantero uruguayo <strong>Mat\u00edas Britos<\/strong> se ha convertido en nuevo refuerzo de los <strong>Gallos de Quer\u00e9taro<\/strong> para este torneo<strong> Clausura 2018<\/strong>, el futbolista ya tuvo una presentaci\u00f3n con el club, a pesar que ya se encontraba en la ciudad entrenando por su cuenta, en espera que la negociaci\u00f3n que exist\u00eda por parte de los queretanos con <strong>Pumas<\/strong> y el <strong>Al-Hilal<\/strong> se cerrara.<\/p>\n<p>De acuerdo con informaci\u00f3n de Adrenalina, el delantero de 29 a\u00f1os<mark> llega a Quer\u00e9taro en compra definitiva procedente del Al-Hilal<\/mark> de los Emiratos \u00c1rabes Unidos, equipo con el que estuvo la \u00faltima campa\u00f1a pero no logr\u00f3 los resultados que se esperaban y despu\u00e9s de seis meses decidieron ya no contar con sus servicios. Con el cuadro de Gallos portar\u00e1 el dorsal <strong>&#8217;15&#8217;<\/strong> en esta su tercera etapa dentro de la <strong>Liga MX<\/strong>.<\/p>\n<p style=\"text-align: center;\"><a href=\"https:\/\/www.futboltotal.com.mx\/futbol-internacional\/liga-de-espana\/el-dia-que-real-madrid-ofrecio-250-mde-lionel-messi\/2018\/01\">VER M\u00c1S: El d\u00eda que Real Madrid ofreci\u00f3 250 mde por Lionel Messi<\/a><\/p>\n<p>El atacante tiene una amplia experiencia en el futbol mexicano jugando primero con el <strong>Club Le\u00f3n<\/strong> con quien milit\u00f3 de 2012 a 2014 y fue bicampe\u00f3n. Posteriormente paso a <strong>Pumas de la UNAM<\/strong>, equipo con el que a pesar de no lograr t\u00edtulo alguno logr\u00f3 ganarse el cari\u00f1o de la afici\u00f3n durante tres a\u00f1os en la instituci\u00f3n.<\/p>\n<p><iframe loading=\"lazy\" src=\"https:\/\/www.youtube.com\/embed\/282q43jDAAs?feature=oembed\" frameborder=\"0\" allow=\"autoplay; encrypted-media\" allowfullscreen><\/iframe><\/p>\n<p><strong>TAMBI\u00c9N TENDR\u00c1N REFUERZO PERUANO<\/strong><\/p>\n<p>Por otro lado, los Gallos tambi\u00e9n se hicieron con el volante peruano, <strong>Joel S\u00e1nchez<\/strong>,\u00a0 para reforzarse este Clausura 2018, <mark>el jugador que pertenece a <a href=\"https:\/\/www.futboltotal.com.mx\/futbol-mexicano\/liga-mx\/independiente-va-jugador-tigres\/2018\/01\" target=\"_blank\" rel=\"noopener\"><strong>Tigres UANL<\/strong><\/a><\/mark> hab\u00eda sido prestado la \u00faltima temporada a <strong>Sporting Cristal<\/strong> de su pa\u00eds.<\/p>\n<p>El futbolista de 28 a\u00f1os debut\u00f3 en 2006 y solo ha tenido experiencias dentro de su pa\u00eds con equipos como\u00a0Alianza Lima y\u00a0Universidad San Mart\u00edn. Adem\u00e1s form\u00f3 parte del proceso que comand\u00f3 <strong>Ricardo Gareca<\/strong> con la <a href=\"https:\/\/www.futboltotal.com.mx\/futbol-mexicano\/liga-mx\/los-peruanos-invaden-la-liga-mx\/2018\/01\" target=\"_blank\" rel=\"noopener\"><strong>Selecci\u00f3n de Per\u00fa<\/strong><\/a> para las eliminatorias de la <strong>Copa del Mundo de Rusia 2018<\/strong>.<\/p>\n<blockquote class=\"twitter-video\" data-lang=\"es\">\n<p dir=\"ltr\" lang=\"es\">\u00a1Gallos! &#x1f64c;&#x1f3fc;&#x1f414;&#x1f51d;<a href=\"https:\/\/twitter.com\/BritosMatias?ref_src=twsrc%5Etfw\">@BritosMatias<\/a> les env\u00eda un mensaje.<\/p>\n<p>\u00a1A darlo todo por nuestros colores \u26ab\ufe0f&#x1f535;!<a href=\"https:\/\/twitter.com\/hashtag\/SiempreGallos?src=hash&amp;ref_src=twsrc%5Etfw\">#SiempreGallos<\/a> <a href=\"https:\/\/t.co\/HnSevnBdAd\">pic.twitter.com\/HnSevnBdAd<\/a><\/p>\n<p>\u2014 Gallos de Quer\u00e9taro (@Club_Queretaro) <a href=\"https:\/\/twitter.com\/Club_Queretaro\/status\/951897475266367489?ref_src=twsrc%5Etfw\">12 de enero de 2018<\/a><\/p><\/blockquote>\n<p><script async src=\"https:\/\/platform.twitter.com\/widgets.js\" charset=\"utf-8\"><\/script><\/p>\n<p style=\"text-align: center;\"><a href=\"https:\/\/www.futboltotal.com.mx\/futbol-internacional\/liga-de-inglaterra\/siempre-si-moyes-desea-quedarse-con-chicharito\/2018\/01\">VER M\u00c1S: Que siempre si\u2026 Moyes desea quedarse con Chicharito<\/a><\/p>\n<p>&nbsp;<\/p>\n","protected":false},"excerpt":{"rendered":"<p>El delantero charr\u00faa jugar\u00e1 en su tercer equipo dentro del futbol mexicano <\/p>\n","protected":false},"author":159,"featured_media":514372,"comment_status":"closed","ping_status":"closed","sticky":false,"template":"","format":"standard","meta":[],"categories":[5,2198,3845],"tags":[9028,4256,11562,64,436,722,5970],"_links":{"self":[{"href":"http:\/\/desarrollo.grupomedios.com\/futbol\/wp-json\/wp\/v2\/posts\/514371"}],"collection":[{"href":"http:\/\/desarrollo.grupomedios.com\/futbol\/wp-json\/wp\/v2\/posts"}],"about":[{"href":"http:\/\/desarrollo.grupomedios.com\/futbol\/wp-json\/wp\/v2\/types\/post"}],"author":[{"embeddable":true,"href":"http:\/\/desarrollo.grupomedios.com\/futbol\/wp-json\/wp\/v2\/users\/159"}],"replies":[{"embeddable":true,"href":"http:\/\/desarrollo.grupomedios.com\/futbol\/wp-json\/wp\/v2\/comments?post=514371"}],"version-history":[{"count":3,"href":"http:\/\/desarrollo.grupomedios.com\/futbol\/wp-json\/wp\/v2\/posts\/514371\/revisions"}],"predecessor-version":[{"id":514379,"href":"http:\/\/desarrollo.grupomedios.com\/futbol\/wp-json\/wp\/v2\/posts\/514371\/revisions\/514379"}],"wp:featuredmedia":[{"embeddable":true,"href":"http:\/\/desarrollo.grupomedios.com\/futbol\/wp-json\/wp\/v2\/media\/514372"}],"wp:attachment":[{"href":"http:\/\/desarrollo.grupomedios.com\/futbol\/wp-json\/wp\/v2\/media?parent=514371"}],"wp:term":[{"taxonomy":"category","embeddable":true,"href":"http:\/\/desarrollo.grupomedios.com\/futbol\/wp-json\/wp\/v2\/categories?post=514371"},{"taxonomy":"post_tag","embeddable":true,"href":"http:\/\/desarrollo.grupomedios.com\/futbol\/wp-json\/wp\/v2\/tags?post=514371"}],"curies":[{"name":"wp","href":"https:\/\/api.w.org\/{rel}","templated":true}]}}