{"id":514459,"date":"2018-01-13T10:09:09","date_gmt":"2018-01-13T16:09:09","guid":{"rendered":"https:\/\/www.futboltotal.com.mx\/?p=514459"},"modified":"2018-01-13T10:09:09","modified_gmt":"2018-01-13T16:09:09","slug":"girona-6-0-las-palmas-resumen-paco-jemez","status":"publish","type":"post","link":"http:\/\/desarrollo.grupomedios.com\/futbol\/futbol-internacional\/girona-6-0-las-palmas-resumen-paco-jemez\/2018\/01","title":{"rendered":"Paco J\u00e9mez y Las Palmas, humillados por el reci\u00e9n ascendido Girona"},"content":{"rendered":"<p>En un encuentro trepidante, el <strong>Girona<\/strong> ha pasado por encima de <strong>Las Palmas<\/strong>, al que ha endosado un 6-0 que deja muy claro que el conjunto que dirige <strong>Paco J\u00e9mez<\/strong> tendr\u00e1 que mejorar mucho para salir del pozo de la clasificaci\u00f3n.<\/p>\n<p><strong>Michael Olunga<\/strong>, con un &#8216;hat-trick&#8217;, <strong>Cristhian Stuani<\/strong>, <strong>Borja Garc\u00eda<\/strong> y <strong>Portu<\/strong> han marcado los goles del cuadro rojiblanco, que han hecho vivir a<strong> Montilivi<\/strong> un mediod\u00eda hist\u00f3rico que se recordar\u00e1 en Girona durante mucho tiempo.<\/p>\n<blockquote class=\"twitter-tweet\" data-width=\"500\">\n<p lang=\"und\" dir=\"ltr\">FINAL | 6-0 | Pluja de gols a Montilivi per tancar la primera volta! <a href=\"https:\/\/twitter.com\/hashtag\/GironaLasPalmas?src=hash&amp;ref_src=twsrc%5Etfw\">#GironaLasPalmas<\/a> <a href=\"https:\/\/t.co\/MLnQLqmzTk\">pic.twitter.com\/MLnQLqmzTk<\/a><\/p>\n<p>&mdash; Girona FC (@GironaFC) <a href=\"https:\/\/twitter.com\/GironaFC\/status\/952175691193253888?ref_src=twsrc%5Etfw\">January 13, 2018<\/a><\/p><\/blockquote>\n<p><script async src=\"https:\/\/platform.twitter.com\/widgets.js\" charset=\"utf-8\"><\/script><\/p>\n<p>La intensidad del Girona se ha traducido r\u00e1pidamente en acercamientos al arco rival. <mark>En el primer minuto, Johan Mojica ya ha avisado a la sorprendente defensa de tres hombres que ha planteado Paco J\u00e9mez, con una peligrosa internada por el carril izquierdo que ha terminado en c\u00f3rner.<\/mark><\/p>\n<p>El premio al buen juego de los de <strong>Mach\u00edn<\/strong> ha llegado en el minuto 24, cuando <strong>Javi Castellano<\/strong> ha cometido un penalti muy claro a Portu. Cristhian Stuani, el m\u00e1ximo goleador del equipo, ha anotado el 1-0 con un disparo raso que ha entrado cerca del palo diestro de la porter\u00eda de <strong>Raul Lizoain<\/strong>.<\/p>\n<p>En el minuto 57, el atacante africano se ha estrenado como goleador con el Girona en partido oficial al rematar una excelente asistencia de Mojica (2-0).<\/p>\n<p>Con la tranquilidad del marcador, el cuadro local ha jugado sus mejores minutos desde que est\u00e1 en Primera divisi\u00f3n y se ha aprovechado de la dram\u00e1tica situaci\u00f3n de Las Palmas para conseguir hasta cuatro goles por mediaci\u00f3n de Borja Garc\u00eda, Portu y Olunga, que ha anotado dos tantos m\u00e1s y se ha convertido en el primer jugador de la historia del equipo en conseguir un triplete en la m\u00e1xima categor\u00eda del f\u00fatbol espa\u00f1ol.<\/p>\n<p><iframe loading=\"lazy\" src=\"https:\/\/www.youtube.com\/embed\/7JYUStTD0y0?feature=oembed\" frameborder=\"0\" allow=\"autoplay; encrypted-media\" allowfullscreen><\/iframe><\/p>\n","protected":false},"excerpt":{"rendered":"<p>El ext\u00e9cnico de Cruz Azul la pasa mal en Espa\u00f1a.<\/p>\n","protected":false},"author":129,"featured_media":514460,"comment_status":"closed","ping_status":"closed","sticky":false,"template":"","format":"standard","meta":[],"categories":[3839,3844],"tags":[6114,4465,1913,7053],"_links":{"self":[{"href":"http:\/\/desarrollo.grupomedios.com\/futbol\/wp-json\/wp\/v2\/posts\/514459"}],"collection":[{"href":"http:\/\/desarrollo.grupomedios.com\/futbol\/wp-json\/wp\/v2\/posts"}],"about":[{"href":"http:\/\/desarrollo.grupomedios.com\/futbol\/wp-json\/wp\/v2\/types\/post"}],"author":[{"embeddable":true,"href":"http:\/\/desarrollo.grupomedios.com\/futbol\/wp-json\/wp\/v2\/users\/129"}],"replies":[{"embeddable":true,"href":"http:\/\/desarrollo.grupomedios.com\/futbol\/wp-json\/wp\/v2\/comments?post=514459"}],"version-history":[{"count":1,"href":"http:\/\/desarrollo.grupomedios.com\/futbol\/wp-json\/wp\/v2\/posts\/514459\/revisions"}],"predecessor-version":[{"id":514461,"href":"http:\/\/desarrollo.grupomedios.com\/futbol\/wp-json\/wp\/v2\/posts\/514459\/revisions\/514461"}],"wp:featuredmedia":[{"embeddable":true,"href":"http:\/\/desarrollo.grupomedios.com\/futbol\/wp-json\/wp\/v2\/media\/514460"}],"wp:attachment":[{"href":"http:\/\/desarrollo.grupomedios.com\/futbol\/wp-json\/wp\/v2\/media?parent=514459"}],"wp:term":[{"taxonomy":"category","embeddable":true,"href":"http:\/\/desarrollo.grupomedios.com\/futbol\/wp-json\/wp\/v2\/categories?post=514459"},{"taxonomy":"post_tag","embeddable":true,"href":"http:\/\/desarrollo.grupomedios.com\/futbol\/wp-json\/wp\/v2\/tags?post=514459"}],"curies":[{"name":"wp","href":"https:\/\/api.w.org\/{rel}","templated":true}]}}