{"id":514462,"date":"2018-01-13T10:44:00","date_gmt":"2018-01-13T16:44:00","guid":{"rendered":"https:\/\/www.futboltotal.com.mx\/?p=514462"},"modified":"2018-01-13T10:44:00","modified_gmt":"2018-01-13T16:44:00","slug":"nuevo-equipo-arda-turan-tras-dejar-barcelona","status":"publish","type":"post","link":"http:\/\/desarrollo.grupomedios.com\/futbol\/futbol-internacional\/nuevo-equipo-arda-turan-tras-dejar-barcelona\/2018\/01","title":{"rendered":"El nuevo equipo de Arda Tur\u00e1n tras dejar el Barcelona"},"content":{"rendered":"<p>La telenovela entre <strong>Arda Tur\u00e1n<\/strong> y el <strong>Barcelona<\/strong> por fin ha llegado a su fin, pues el jugador turco por dejar\u00e1 el futbol espa\u00f1ol luego de no contar con minutos con los blaugranas y regresar\u00e1 a su pa\u00eds para continuar con su carrera.<\/p>\n<p>El <mark>Barcelona y el <strong>Basaksehir<\/strong> han llegado a un acuerdo para la cesi\u00f3n de Arda al club turco.<\/mark> Las conversaciones se hab\u00edan iniciado hace varios d\u00edas, incluso el presidente del Basaksehir estuvo reunido en Barcelona con el jugador, y a \u00faltima hora de este viernes el acuerdo fue definitivo.<\/p>\n<p style=\"text-align: center;\"><span style=\"color: #3366ff;\"><a href=\"https:\/\/www.futboltotal.com.mx\/futbol-mexicano\/liga-mx\/landon-donovan-nuevo-jugador-del-leon\/2018\/01\">VER M\u00c1S: Landon Donovan, nuevo jugador del Le\u00f3n<\/a><\/span><\/p>\n<p>Arda dejar\u00e1 el club catal\u00e1n luego de casi tres temporadas en el equipo, donde nunca pudo ver los minutos que lo hicieron destacar durante su paso por el <strong>Atl\u00e9tico de Madrid<\/strong>. <mark>Hasta ahora el acuerdo con los turcos es por lo que queda de temporada y dos m\u00e1s, aunque se tienen varias cl\u00e1usulas<\/mark>.<\/p>\n<p>Por una parte, el Barcelona se guarda el derecho de vender al futbolista en las distintas ventanas a partir del pr\u00f3ximo verano. Adem\u00e1s, recibir\u00e1 una serie de variables seg\u00fan su rendimiento. Su nuevo club se har\u00e1 cargo de la totalidad de la ficha del delantero, seg\u00fan asegur\u00f3 el vicepresidente deportivo del Barcelona, <strong>Jordi Mestre<\/strong>, durante la <span style=\"color: #3366ff;\"><a href=\"https:\/\/www.futboltotal.com.mx\/futbol-internacional\/yerry-mina-fue-presentado-en-camp-nou-barcelona\/2018\/01\">presentaci\u00f3n de Yerry Mina<\/a><\/span>.<\/p>\n<p>Por su parte, el Basaksehir tambi\u00e9n se reserva una opci\u00f3n de compra para el jugador. Hasta ahora el Barcelona no cuantific\u00f3 en su comunicado ninguna de estas variables.<\/p>\n","protected":false},"excerpt":{"rendered":"<p>El turco por fin saldr\u00e1 del Barcelona para tener minutos.<\/p>\n","protected":false},"author":129,"featured_media":514463,"comment_status":"closed","ping_status":"closed","sticky":false,"template":"","format":"standard","meta":[],"categories":[3839,3844],"tags":[6055,5984,6214],"_links":{"self":[{"href":"http:\/\/desarrollo.grupomedios.com\/futbol\/wp-json\/wp\/v2\/posts\/514462"}],"collection":[{"href":"http:\/\/desarrollo.grupomedios.com\/futbol\/wp-json\/wp\/v2\/posts"}],"about":[{"href":"http:\/\/desarrollo.grupomedios.com\/futbol\/wp-json\/wp\/v2\/types\/post"}],"author":[{"embeddable":true,"href":"http:\/\/desarrollo.grupomedios.com\/futbol\/wp-json\/wp\/v2\/users\/129"}],"replies":[{"embeddable":true,"href":"http:\/\/desarrollo.grupomedios.com\/futbol\/wp-json\/wp\/v2\/comments?post=514462"}],"version-history":[{"count":1,"href":"http:\/\/desarrollo.grupomedios.com\/futbol\/wp-json\/wp\/v2\/posts\/514462\/revisions"}],"predecessor-version":[{"id":514464,"href":"http:\/\/desarrollo.grupomedios.com\/futbol\/wp-json\/wp\/v2\/posts\/514462\/revisions\/514464"}],"wp:featuredmedia":[{"embeddable":true,"href":"http:\/\/desarrollo.grupomedios.com\/futbol\/wp-json\/wp\/v2\/media\/514463"}],"wp:attachment":[{"href":"http:\/\/desarrollo.grupomedios.com\/futbol\/wp-json\/wp\/v2\/media?parent=514462"}],"wp:term":[{"taxonomy":"category","embeddable":true,"href":"http:\/\/desarrollo.grupomedios.com\/futbol\/wp-json\/wp\/v2\/categories?post=514462"},{"taxonomy":"post_tag","embeddable":true,"href":"http:\/\/desarrollo.grupomedios.com\/futbol\/wp-json\/wp\/v2\/tags?post=514462"}],"curies":[{"name":"wp","href":"https:\/\/api.w.org\/{rel}","templated":true}]}}