{"id":514468,"date":"2018-01-13T11:00:28","date_gmt":"2018-01-13T17:00:28","guid":{"rendered":"https:\/\/www.futboltotal.com.mx\/?p=514468"},"modified":"2018-01-13T11:46:41","modified_gmt":"2018-01-13T17:46:41","slug":"precio-cristiano-ronaldo-se-desploma","status":"publish","type":"post","link":"http:\/\/desarrollo.grupomedios.com\/futbol\/destacado-home\/precio-cristiano-ronaldo-se-desploma\/2018\/01","title":{"rendered":"Precio de Cristiano Ronaldo \u00a1Se desploma!"},"content":{"rendered":"<p>El nivel de <strong>Cristiano Ronaldo<\/strong> est\u00e1 a la baja y al igual que el portugu\u00e9s, su precio en el mercado tambi\u00e9n se desploma como el <strong>Real Madrid<\/strong>.<\/p>\n<p>A pesar de conquistar el <strong>Bal\u00f3n de Oro<\/strong> y el <strong>The Best<\/strong>\u00a0en 2017, el atacante madridista est\u00e1 perdiendo valor, as\u00ed lo publica<em> CIES<\/em> en su habitual <em>Observatorio del F\u00fatbol.<\/em> Este ranking eval\u00faa a los futbolistas y los ordena seg\u00fan su precio de mercado.<\/p>\n<p><mark>El portugu\u00e9s del Real Madrid ocupa el puesto 49 en dicha relaci\u00f3n, que est\u00e1 encabezada por Neymar con un valor total de 213 millones de euros<\/mark>. Actualmente, el precio en el mercado del luso se cifra en 80,4 \u2018kilos\u2019, justo por detr\u00e1s de futbolistas como Otamendi (84,8 M\u20ac) o Martial (82 M\u20ac).<\/p>\n<p style=\"text-align: center;\"><span style=\"color: #3366ff;\"><a href=\"https:\/\/www.futboltotal.com.mx\/futbol-internacional\/liga-de-espana\/real-madrid-0-1-villarreal-resumen-laliga-2018\/2018\/01\">VER M\u00c1S: Villarreal enfr\u00eda el Bernabe\u00fa y agrava la crisis del Real Madrid<\/a><\/span><\/p>\n<p><strong>Leo Messi<\/strong> (202,2 M\u20ac) y <strong>Harry Kane<\/strong> (194,7 M\u20ac) completan junto a <em>Ney<\/em> el podio de futbolistas m\u00e1s valiosos del mundo. El primer guardameta en el ranking de CIES es el azulgrana <strong>Marc-Andr\u00e9 ter Stegen<\/strong>, con un valor en el mercado de 96,4 millones de euros.<\/p>\n<p>El mejor madridista es <strong>Isco Alarc\u00f3n<\/strong>, que ocupa el puesto 45 en la lista con un valor de mercado de 85,4 millones de euros.<\/p>\n<p><img decoding=\"async\" src=\"http:\/\/www.mundodeportivo.com\/r\/GODO\/MD\/p4\/Futbol\/Imagenes\/2018\/01\/13\/Recortada\/img_fmunoz_20180113-133421_imagenes_md_otras_fuentes_cies-ki8B--572x1001@MundoDeportivo-Web.png\" \/><\/p>\n<p><img decoding=\"async\" src=\"http:\/\/www.mundodeportivo.com\/r\/GODO\/MD\/p4\/Futbol\/Imagenes\/2018\/01\/13\/Recortada\/img_fmunoz_20180113-133421_imagenes_md_otras_fuentes_cies_2-ki8B--572x942@MundoDeportivo-Web.png\" \/><\/p>\n<p><img decoding=\"async\" src=\"http:\/\/www.mundodeportivo.com\/r\/GODO\/MD\/p4\/Futbol\/Imagenes\/2018\/01\/13\/Recortada\/img_fmunoz_20180113-133421_imagenes_md_otras_fuentes_cies_3-ki8B--572x1004@MundoDeportivo-Web.png\" alt=\"CIES Football Observatory\" \/><\/p>\n","protected":false},"excerpt":{"rendered":"<p>El portugu\u00e9s ha venido a la baja junto con el Real Madrid.<\/p>\n","protected":false},"author":129,"featured_media":514469,"comment_status":"closed","ping_status":"closed","sticky":false,"template":"","format":"standard","meta":[],"categories":[5,3839,3844],"tags":[5984,6013,6071,6012,6016,4510,6001,2669,5988],"_links":{"self":[{"href":"http:\/\/desarrollo.grupomedios.com\/futbol\/wp-json\/wp\/v2\/posts\/514468"}],"collection":[{"href":"http:\/\/desarrollo.grupomedios.com\/futbol\/wp-json\/wp\/v2\/posts"}],"about":[{"href":"http:\/\/desarrollo.grupomedios.com\/futbol\/wp-json\/wp\/v2\/types\/post"}],"author":[{"embeddable":true,"href":"http:\/\/desarrollo.grupomedios.com\/futbol\/wp-json\/wp\/v2\/users\/129"}],"replies":[{"embeddable":true,"href":"http:\/\/desarrollo.grupomedios.com\/futbol\/wp-json\/wp\/v2\/comments?post=514468"}],"version-history":[{"count":1,"href":"http:\/\/desarrollo.grupomedios.com\/futbol\/wp-json\/wp\/v2\/posts\/514468\/revisions"}],"predecessor-version":[{"id":514470,"href":"http:\/\/desarrollo.grupomedios.com\/futbol\/wp-json\/wp\/v2\/posts\/514468\/revisions\/514470"}],"wp:featuredmedia":[{"embeddable":true,"href":"http:\/\/desarrollo.grupomedios.com\/futbol\/wp-json\/wp\/v2\/media\/514469"}],"wp:attachment":[{"href":"http:\/\/desarrollo.grupomedios.com\/futbol\/wp-json\/wp\/v2\/media?parent=514468"}],"wp:term":[{"taxonomy":"category","embeddable":true,"href":"http:\/\/desarrollo.grupomedios.com\/futbol\/wp-json\/wp\/v2\/categories?post=514468"},{"taxonomy":"post_tag","embeddable":true,"href":"http:\/\/desarrollo.grupomedios.com\/futbol\/wp-json\/wp\/v2\/tags?post=514468"}],"curies":[{"name":"wp","href":"https:\/\/api.w.org\/{rel}","templated":true}]}}