{"id":514496,"date":"2018-01-13T14:30:54","date_gmt":"2018-01-13T20:30:54","guid":{"rendered":"https:\/\/www.futboltotal.com.mx\/?p=514496"},"modified":"2018-01-13T14:30:54","modified_gmt":"2018-01-13T20:30:54","slug":"mensaje-racista-del-spartak-moscu-contra-sus-jugadores","status":"publish","type":"post","link":"http:\/\/desarrollo.grupomedios.com\/futbol\/videos\/mensaje-racista-del-spartak-moscu-contra-sus-jugadores\/2018\/01","title":{"rendered":"El Mensaje racista del Spartak de Mosc\u00fa contra sus jugadores"},"content":{"rendered":"<p>El <strong>Spartak de Mosc\u00fa<\/strong> de <strong>Rusia<\/strong> fue acusado de racismo tras tuitear un mensaje que parece referirse a sus propios jugadores negros como \u201cchocolates\u201d.<\/p>\n<p>Un video publicado en la cuenta de Twitter del equipo ruso muestra a los futbolistas brasile\u00f1os <strong>Luiz Adriano, Pedro Rocha y Fernando<\/strong> ejercit\u00e1ndose durante una concentraci\u00f3n en <strong>Emiratos Arabes Unidos<\/strong>. El video estaba acompa\u00f1ado por el mensaje \u201cvean c\u00f3mo se derriten los chocolates bajo el sol\u201d, y tres emojis del rostro sonriente.<\/p>\n<blockquote class=\"twitter-tweet\" data-width=\"500\">\n<p lang=\"ru\" dir=\"ltr\">\u0421\u043f\u0430\u0440\u0442\u0430\u043a\u043e\u0432\u0441\u043a\u0438\u0435 \u0431\u0440\u0430\u0437\u0438\u043b\u044c\u0446\u044b: \u00ab\u0414\u0436\u0438\u043a\u0438\u044f &#8211; \u043d\u0430\u0448 \u0434\u0440\u0443\u0433, \u043d\u0430\u0448 \u0431\u0440\u0430\u0442!\u00bb <a href=\"https:\/\/t.co\/LtswcqPiW4\">pic.twitter.com\/LtswcqPiW4<\/a><\/p>\n<p>&mdash; FC Spartak Moscow (@fcsm_official) <a href=\"https:\/\/twitter.com\/fcsm_official\/status\/952233530104467457?ref_src=twsrc%5Etfw\">January 13, 2018<\/a><\/p><\/blockquote>\n<p><script async src=\"https:\/\/platform.twitter.com\/widgets.js\" charset=\"utf-8\"><\/script><\/p>\n<p>Durante el video, se escucha la misma frase, aparentemente dicha por el zaguero de Spartak y de la selecci\u00f3n rusa, <strong>Georgy Dzhikiya<\/strong>. Spartak hab\u00eda dicho anteriormente que Dzhikiya estar\u00eda a cargo de la cuenta de Twitter durante el d\u00eda.<\/p>\n<p>Spartak despu\u00e9s public\u00f3 otro video en el que Fernando dice: \u201cEn Spartak no hay racismo. Somos una familia amistosa\u201d.<\/p>\n<p>https:\/\/twitter.com\/fcsm_official\/status\/952045584986329088<\/p>\n","protected":false},"excerpt":{"rendered":"<p>El club despu\u00e9s aclar\u00f3 que en el equipo no hay racismo.<\/p>\n","protected":false},"author":129,"featured_media":514497,"comment_status":"closed","ping_status":"closed","sticky":false,"template":"","format":"standard","meta":[],"categories":[3839,4],"tags":[6214,11571],"_links":{"self":[{"href":"http:\/\/desarrollo.grupomedios.com\/futbol\/wp-json\/wp\/v2\/posts\/514496"}],"collection":[{"href":"http:\/\/desarrollo.grupomedios.com\/futbol\/wp-json\/wp\/v2\/posts"}],"about":[{"href":"http:\/\/desarrollo.grupomedios.com\/futbol\/wp-json\/wp\/v2\/types\/post"}],"author":[{"embeddable":true,"href":"http:\/\/desarrollo.grupomedios.com\/futbol\/wp-json\/wp\/v2\/users\/129"}],"replies":[{"embeddable":true,"href":"http:\/\/desarrollo.grupomedios.com\/futbol\/wp-json\/wp\/v2\/comments?post=514496"}],"version-history":[{"count":1,"href":"http:\/\/desarrollo.grupomedios.com\/futbol\/wp-json\/wp\/v2\/posts\/514496\/revisions"}],"predecessor-version":[{"id":514498,"href":"http:\/\/desarrollo.grupomedios.com\/futbol\/wp-json\/wp\/v2\/posts\/514496\/revisions\/514498"}],"wp:featuredmedia":[{"embeddable":true,"href":"http:\/\/desarrollo.grupomedios.com\/futbol\/wp-json\/wp\/v2\/media\/514497"}],"wp:attachment":[{"href":"http:\/\/desarrollo.grupomedios.com\/futbol\/wp-json\/wp\/v2\/media?parent=514496"}],"wp:term":[{"taxonomy":"category","embeddable":true,"href":"http:\/\/desarrollo.grupomedios.com\/futbol\/wp-json\/wp\/v2\/categories?post=514496"},{"taxonomy":"post_tag","embeddable":true,"href":"http:\/\/desarrollo.grupomedios.com\/futbol\/wp-json\/wp\/v2\/tags?post=514496"}],"curies":[{"name":"wp","href":"https:\/\/api.w.org\/{rel}","templated":true}]}}