{"id":514499,"date":"2018-01-13T14:43:30","date_gmt":"2018-01-13T20:43:30","guid":{"rendered":"https:\/\/www.futboltotal.com.mx\/?p=514499"},"modified":"2018-01-13T14:43:30","modified_gmt":"2018-01-13T20:43:30","slug":"motivo-landon-donovan-se-gano-odio-los-mexicanos","status":"publish","type":"post","link":"http:\/\/desarrollo.grupomedios.com\/futbol\/videos\/motivo-landon-donovan-se-gano-odio-los-mexicanos\/2018\/01","title":{"rendered":"Los motivos por los que Donovan se gan\u00f3 el odio de los mexicanos"},"content":{"rendered":"<p><strong>Landon Donovan<\/strong> fue anunciando como nuevo jugador del<strong> Le\u00f3n<\/strong> y la m\u00e1xima figura del futbol de <strong>Estados Unidos<\/strong> saldr\u00e1 del retiro para jugar en la <strong>Liga MX<\/strong>.<\/p>\n<p>El Capit\u00e1n Am\u00e9rica siempre fue uno de los mayores enemigos del futbol mexicano y m\u00e1s cuando la <em>Selecci\u00f3n de las Barras y las Estrellas<\/em> se enfrentaba a <strong>M\u00e9xico<\/strong>, pues \u00e9l era el primero en disfrutar de este tipo de encuentros.<\/p>\n<p>Adem\u00e1s de haber marcado uno de los goles con los que Estados Unidos elimin\u00f3 al <strong>TRI<\/strong> de la<strong> Copa del Mundo de Corea-Jap\u00f3n 2002<\/strong>, estos son algunos de los motivos por el que Landon Donovan se gan\u00f3 el odio de los mexicanos.<\/p>\n<p style=\"text-align: center;\"><span style=\"color: #3366ff;\"><a href=\"https:\/\/www.futboltotal.com.mx\/futbol-internacional\/liga-de-espana\/precio-cristiano-ronaldo-se-desploma\/2018\/01\">VER M\u00c1S: Precio de Cristiano Ronaldo \u00a1Se desploma!<\/a><\/span><\/p>\n<p>[video_player]https:\/\/player.vimeo.com\/external\/250536495.hd.mp4?s=66466d2cd8fa173918664c6d5b2eded48b4ab0e8&amp;profile_id=175[\/video_player]<\/p>\n","protected":false},"excerpt":{"rendered":"<p>El estadounidense ha sido el enemigo n\u00famero uno de los mexicanos.<\/p>\n","protected":false},"author":129,"featured_media":514500,"comment_status":"closed","ping_status":"closed","sticky":false,"template":"","format":"standard","meta":[],"categories":[2198,3845,4],"tags":[310,3883,2557,5965,64,65],"_links":{"self":[{"href":"http:\/\/desarrollo.grupomedios.com\/futbol\/wp-json\/wp\/v2\/posts\/514499"}],"collection":[{"href":"http:\/\/desarrollo.grupomedios.com\/futbol\/wp-json\/wp\/v2\/posts"}],"about":[{"href":"http:\/\/desarrollo.grupomedios.com\/futbol\/wp-json\/wp\/v2\/types\/post"}],"author":[{"embeddable":true,"href":"http:\/\/desarrollo.grupomedios.com\/futbol\/wp-json\/wp\/v2\/users\/129"}],"replies":[{"embeddable":true,"href":"http:\/\/desarrollo.grupomedios.com\/futbol\/wp-json\/wp\/v2\/comments?post=514499"}],"version-history":[{"count":1,"href":"http:\/\/desarrollo.grupomedios.com\/futbol\/wp-json\/wp\/v2\/posts\/514499\/revisions"}],"predecessor-version":[{"id":514501,"href":"http:\/\/desarrollo.grupomedios.com\/futbol\/wp-json\/wp\/v2\/posts\/514499\/revisions\/514501"}],"wp:featuredmedia":[{"embeddable":true,"href":"http:\/\/desarrollo.grupomedios.com\/futbol\/wp-json\/wp\/v2\/media\/514500"}],"wp:attachment":[{"href":"http:\/\/desarrollo.grupomedios.com\/futbol\/wp-json\/wp\/v2\/media?parent=514499"}],"wp:term":[{"taxonomy":"category","embeddable":true,"href":"http:\/\/desarrollo.grupomedios.com\/futbol\/wp-json\/wp\/v2\/categories?post=514499"},{"taxonomy":"post_tag","embeddable":true,"href":"http:\/\/desarrollo.grupomedios.com\/futbol\/wp-json\/wp\/v2\/tags?post=514499"}],"curies":[{"name":"wp","href":"https:\/\/api.w.org\/{rel}","templated":true}]}}