{"id":514502,"date":"2018-01-13T15:09:12","date_gmt":"2018-01-13T21:09:12","guid":{"rendered":"https:\/\/www.futboltotal.com.mx\/?p=514502"},"modified":"2018-01-13T15:09:12","modified_gmt":"2018-01-13T21:09:12","slug":"atletico-madrid-vence-al-eibar-presiona-al-barca","status":"publish","type":"post","link":"http:\/\/desarrollo.grupomedios.com\/futbol\/futbol-internacional\/atletico-madrid-vence-al-eibar-presiona-al-barca\/2018\/01","title":{"rendered":"Atl\u00e9tico de Madrid vence al Eibar y &#8220;presiona&#8221; al Bar\u00e7a"},"content":{"rendered":"<p>Un gol del franc\u00e9s <strong>Kevin Gameiro<\/strong> en el minuto 27 le dio el triunfo ante el <strong>Eibar<\/strong> al <strong>Atl\u00e9tico de Madrid<\/strong> (0-1), que aprovech\u00f3 el tropiezo del<strong> Real Madrid<\/strong>, al que aleja a diez puntos, y presiona al <strong>Barcelona<\/strong>, a seis puntos de distancia y que este domingo visitar\u00e1 <strong>Anoeta<\/strong> para jugar contra la<strong> Real Sociedad<\/strong>.<\/p>\n<blockquote class=\"twitter-tweet\" data-data-dnt=\"true\">\n<p lang=\"es\" dir=\"ltr\">\u23f1 93&#39; | 0-1 | \ud83c\udfe7 \u00a1Finaaaaaal! \u27953\u20e3 \u00a1Nos llevamos los tres puntos de Ipurua! \u00a1Buen trabajo, EQUIPO! \ud83d\udd34\u26aa\ud83d\udd34<a href=\"https:\/\/twitter.com\/hashtag\/EibarAtleti?src=hash&amp;ref_src=twsrc%5Etfw\">#EibarAtleti<\/a> <a href=\"https:\/\/twitter.com\/hashtag\/A%C3%BApaAtleti?src=hash&amp;ref_src=twsrc%5Etfw\">#A\u00fapaAtleti<\/a> <a href=\"https:\/\/t.co\/pxod0kVprj\">pic.twitter.com\/pxod0kVprj<\/a><\/p>\n<p>&mdash; Atl\u00e9tico de Madrid (@Atleti) <a href=\"https:\/\/twitter.com\/Atleti\/status\/952258639200444416?ref_src=twsrc%5Etfw\">January 13, 2018<\/a><\/p><\/blockquote>\n<p><script async src=\"https:\/\/platform.twitter.com\/widgets.js\" charset=\"utf-8\"><\/script><\/p>\n<p>El Atl\u00e9tico, adem\u00e1s, rompi\u00f3 una racha del Eibar de siete partidos en cadena sin perder, cuatro victorias seguidas en casa y tres triunfos consecutivos en la liga, en un partido en el que ninguno de los dos mereci\u00f3 perder.<\/p>\n<p style=\"text-align: center;\"><span style=\"color: #3366ff;\"><a href=\"https:\/\/www.futboltotal.com.mx\/futbol-internacional\/liga-de-espana\/real-madrid-0-1-villarreal-resumen-laliga-2018\/2018\/01\">VER M\u00c1S: Villarreal enfr\u00eda el Bernabe\u00fa y agrava la crisis del Real Madrid<\/a><\/span><\/p>\n<p>Los armeros no fueron capaces de superar a una gran defensa atl\u00e9tica que se conform\u00f3 con el gol logrado por Gamiero en la primera mitad y sufri\u00f3 como nunca para mantener el bot\u00edn gracias a un gran <strong>Oblak<\/strong>.<\/p>\n<p>Hasta el gol de Gameiro, el Atl\u00e9tico fue muy superior. Entr\u00f3 en el encuentro decidido a resolver y gener\u00f3 ocasiones. <em>Los rojiblancos<\/em>, este s\u00e1bado de amarillo en<strong> Ipurua<\/strong>, tuvieron hasta ese momento m\u00e1s ocasiones y m\u00e1s dominio.<\/p>\n","protected":false},"excerpt":{"rendered":"<p>Los Colchoneros siguen presionando a los Blaugranas.<\/p>\n","protected":false},"author":129,"featured_media":514503,"comment_status":"closed","ping_status":"closed","sticky":false,"template":"","format":"standard","meta":[],"categories":[3839,3844],"tags":[6007,11572,6114,1913],"_links":{"self":[{"href":"http:\/\/desarrollo.grupomedios.com\/futbol\/wp-json\/wp\/v2\/posts\/514502"}],"collection":[{"href":"http:\/\/desarrollo.grupomedios.com\/futbol\/wp-json\/wp\/v2\/posts"}],"about":[{"href":"http:\/\/desarrollo.grupomedios.com\/futbol\/wp-json\/wp\/v2\/types\/post"}],"author":[{"embeddable":true,"href":"http:\/\/desarrollo.grupomedios.com\/futbol\/wp-json\/wp\/v2\/users\/129"}],"replies":[{"embeddable":true,"href":"http:\/\/desarrollo.grupomedios.com\/futbol\/wp-json\/wp\/v2\/comments?post=514502"}],"version-history":[{"count":1,"href":"http:\/\/desarrollo.grupomedios.com\/futbol\/wp-json\/wp\/v2\/posts\/514502\/revisions"}],"predecessor-version":[{"id":514504,"href":"http:\/\/desarrollo.grupomedios.com\/futbol\/wp-json\/wp\/v2\/posts\/514502\/revisions\/514504"}],"wp:featuredmedia":[{"embeddable":true,"href":"http:\/\/desarrollo.grupomedios.com\/futbol\/wp-json\/wp\/v2\/media\/514503"}],"wp:attachment":[{"href":"http:\/\/desarrollo.grupomedios.com\/futbol\/wp-json\/wp\/v2\/media?parent=514502"}],"wp:term":[{"taxonomy":"category","embeddable":true,"href":"http:\/\/desarrollo.grupomedios.com\/futbol\/wp-json\/wp\/v2\/categories?post=514502"},{"taxonomy":"post_tag","embeddable":true,"href":"http:\/\/desarrollo.grupomedios.com\/futbol\/wp-json\/wp\/v2\/tags?post=514502"}],"curies":[{"name":"wp","href":"https:\/\/api.w.org\/{rel}","templated":true}]}}