{"id":514510,"date":"2018-01-13T16:37:22","date_gmt":"2018-01-13T22:37:22","guid":{"rendered":"https:\/\/www.futboltotal.com.mx\/?p=514510"},"modified":"2018-01-13T16:37:22","modified_gmt":"2018-01-13T22:37:22","slug":"valencia-derrota-al-deportivo-se-aleja-del-madrid","status":"publish","type":"post","link":"http:\/\/desarrollo.grupomedios.com\/futbol\/futbol-internacional\/valencia-derrota-al-deportivo-se-aleja-del-madrid\/2018\/01","title":{"rendered":"Valencia derrota al Deportivo y tambi\u00e9n se aleja del Madrid"},"content":{"rendered":"<p>El <strong>Valencia<\/strong>, como el <strong>Celta de Vigo<\/strong> en el anterior partido de la temporada en el<strong> estadio Abanca-Riazor<\/strong>, rentabiliz\u00f3 (1-2) los errores del <strong>Deportivo<\/strong>, que estuvo a punto de rescatar el empate en los \u00faltimos minutos.<\/p>\n<p>https:\/\/twitter.com\/valenciacf\/status\/952293201892794368<\/p>\n<p>Despu\u00e9s de dos derrotas a domicilio, a los levantinos les bast\u00f3 con aprovechar la p\u00e9sima actitud defensiva del Deportivo para reencontrarse con la victoria.<\/p>\n<p>Un regalo del portero <strong>Rub\u00e9n<\/strong> en la primera parte y otro de <strong>Albentosa<\/strong> en la segunda dejaron el triunfo en bandeja el triunfo al Valencia. El Deportivo reaccion\u00f3 en la recta final del choque y <strong>Adri\u00e1n<\/strong> pudo darle el empate al conjunto blanquiazul pero perdon\u00f3 un mano a mano.<\/p>\n<p>El t\u00e9cnico del Valencia, <strong>Marcelino Garc\u00eda Toral<\/strong>, opt\u00f3 por el debut como titular de la \u00faltima incorporaci\u00f3n de su equipo en el mercado invernal, el franc\u00e9s<strong> Coquelin<\/strong>, y dej\u00f3 en el banquillo a <strong>Zaza<\/strong> y a <strong>Vietto<\/strong> para apostar por <strong>Rodrigo<\/strong> y <strong>Santi Mina<\/strong> como pareja ofensiva ante un Deportivo que mantuvo a diez de los once jugadores que hab\u00edan empatado con el <strong>Villarreal<\/strong>.<\/p>\n<p><iframe loading=\"lazy\" src=\"https:\/\/www.youtube.com\/embed\/VrgXPi6aRxc?feature=oembed\" frameborder=\"0\" allow=\"autoplay; encrypted-media\" allowfullscreen><\/iframe><\/p>\n","protected":false},"excerpt":{"rendered":"<p>Los Naranjeros ahora persiguen la segunda plaza del Atl\u00e9tico de Madrid.<\/p>\n","protected":false},"author":129,"featured_media":514513,"comment_status":"closed","ping_status":"closed","sticky":false,"template":"","format":"standard","meta":[],"categories":[3839,3844],"tags":[6214,6114,1913,87],"_links":{"self":[{"href":"http:\/\/desarrollo.grupomedios.com\/futbol\/wp-json\/wp\/v2\/posts\/514510"}],"collection":[{"href":"http:\/\/desarrollo.grupomedios.com\/futbol\/wp-json\/wp\/v2\/posts"}],"about":[{"href":"http:\/\/desarrollo.grupomedios.com\/futbol\/wp-json\/wp\/v2\/types\/post"}],"author":[{"embeddable":true,"href":"http:\/\/desarrollo.grupomedios.com\/futbol\/wp-json\/wp\/v2\/users\/129"}],"replies":[{"embeddable":true,"href":"http:\/\/desarrollo.grupomedios.com\/futbol\/wp-json\/wp\/v2\/comments?post=514510"}],"version-history":[{"count":1,"href":"http:\/\/desarrollo.grupomedios.com\/futbol\/wp-json\/wp\/v2\/posts\/514510\/revisions"}],"predecessor-version":[{"id":514514,"href":"http:\/\/desarrollo.grupomedios.com\/futbol\/wp-json\/wp\/v2\/posts\/514510\/revisions\/514514"}],"wp:featuredmedia":[{"embeddable":true,"href":"http:\/\/desarrollo.grupomedios.com\/futbol\/wp-json\/wp\/v2\/media\/514513"}],"wp:attachment":[{"href":"http:\/\/desarrollo.grupomedios.com\/futbol\/wp-json\/wp\/v2\/media?parent=514510"}],"wp:term":[{"taxonomy":"category","embeddable":true,"href":"http:\/\/desarrollo.grupomedios.com\/futbol\/wp-json\/wp\/v2\/categories?post=514510"},{"taxonomy":"post_tag","embeddable":true,"href":"http:\/\/desarrollo.grupomedios.com\/futbol\/wp-json\/wp\/v2\/tags?post=514510"}],"curies":[{"name":"wp","href":"https:\/\/api.w.org\/{rel}","templated":true}]}}