{"id":514570,"date":"2018-01-14T10:08:04","date_gmt":"2018-01-14T16:08:04","guid":{"rendered":"https:\/\/www.futboltotal.com.mx\/?p=514570"},"modified":"2018-01-14T10:08:04","modified_gmt":"2018-01-14T16:08:04","slug":"dije-pateara-penal-mateus-uribe-miguel-herrera","status":"publish","type":"post","link":"http:\/\/desarrollo.grupomedios.com\/futbol\/futbol-mexicano\/dije-pateara-penal-mateus-uribe-miguel-herrera\/2018\/01","title":{"rendered":"Dije que pateara el penal Mateus Uribe: Miguel Herrera"},"content":{"rendered":"<p>Las <strong><a href=\"https:\/\/www.futboltotal.com.mx\/futbol-mexicano\/liga-mx\/giovani-dos-santos-listo-llegar-a-america\/2018\/01\">\u00c1guilas <\/a>del Am\u00e9rica<\/strong> <a href=\"https:\/\/www.futboltotal.com.mx\/futbol-mexicano\/liga-mx\/america-2-pachuca-2-liga-mx-clausura-2018-resumen\/2018\/01\" target=\"_blank\" rel=\"noopener\">no tuvieron un debut so\u00f1ado<\/a> en la cancha del Estadio Azteca, los <strong>Tuzos del Pachuca<\/strong> terminaron por sacarles el empate en los instantes finales y de un tema que se habl\u00f3 mucho fue el hecho que <strong>Oribe Peralta<\/strong> fallara una pena m\u00e1xima en los primeros minutos del partido, cuesti\u00f3n de la que habl\u00f3 el estratega <strong>Miguel Herrera.<\/strong><\/p>\n<p>El &#8216;Piojo&#8217; estableci\u00f3 que su equipo se perdi\u00f3 tres oportunidades importantes en el inicio del encuentro para ponerse en ventaja y una de ellas fue la pena m\u00e1xima que le cometieron a <strong>Henry Mart\u00edn<\/strong> apenas en el minuto 3 del partido y que decidi\u00f3 cobrar Oribe Peralta, quien fall\u00f3 desde los once pasos y de acuerdo con el DT el colombiano<strong> Mateus Uribe<\/strong> debi\u00f3 patear.<\/p>\n<p style=\"text-align: center;\"><a href=\"https:\/\/www.futboltotal.com.mx\/futbol-mexicano\/liga-mx\/andre-pierre-gignac-polemico-festejo-rayados\/2018\/01\" target=\"_blank\" rel=\"noopener\">VER M\u00c1S: Gignac hace pol\u00e9mico festejo para Rayados<\/a><\/p>\n<p>&#8220;<mark>Ya hab\u00edamos dicho que iba a patear Mateus, ellos se pusieron de acuerdo.<\/mark> De repente en la cancha el jugador tiende a ponerse de acuerdo. <mark>Hab\u00eda dicho que pateara Mateus,<\/mark> pero decidieron que pateara el &#8216;Cepillo&#8217;. Iremos viendo e iremos practicando en la semana para decidir quien es el que patea en la semana y ese es el que va a tener que patear los penales&#8221;<b>,<\/b> declar\u00f3 el estratega.<\/p>\n<blockquote class=\"twitter-video\" data-lang=\"es\">\n<p dir=\"ltr\" lang=\"es\">&#8220;Ya hab\u00edamos dicho que iba a patear Mateus&#8221;: Miguel Herrera, sobre el penal fallado de Oribe Peralta <a href=\"https:\/\/t.co\/RxZVYSRaN8\">pic.twitter.com\/RxZVYSRaN8<\/a><\/p>\n<p>\u2014 Universal Deportes (@Univ_Deportivo) <a href=\"https:\/\/twitter.com\/Univ_Deportivo\/status\/952412008405585921?ref_src=twsrc%5Etfw\">14 de enero de 2018<\/a><\/p><\/blockquote>\n<p><script async src=\"https:\/\/platform.twitter.com\/widgets.js\" charset=\"utf-8\"><\/script><\/p>\n<p style=\"text-align: center;\"><a href=\"https:\/\/www.futboltotal.com.mx\/futbol-internacional\/liga-de-inglaterra\/te-imaginas-a-the-bealtes-en-jersey-del-liverpool\/2018\/01\" target=\"_blank\" rel=\"noopener\">VER M\u00c1S: \u00bfTe imaginas a The Beatles en el jersey del Liverpool?<\/a><\/p>\n<p>&nbsp;<\/p>\n<p>&nbsp;<\/p>\n","protected":false},"excerpt":{"rendered":"<p>Oribe Peralta fall\u00f3 un penal apenas al minuto 3 del encuentro ante Pachuca<\/p>\n","protected":false},"author":159,"featured_media":514571,"comment_status":"closed","ping_status":"closed","sticky":false,"template":"","format":"standard","meta":[],"categories":[2198,3845],"tags":[5959,9028,64,9184,62],"_links":{"self":[{"href":"http:\/\/desarrollo.grupomedios.com\/futbol\/wp-json\/wp\/v2\/posts\/514570"}],"collection":[{"href":"http:\/\/desarrollo.grupomedios.com\/futbol\/wp-json\/wp\/v2\/posts"}],"about":[{"href":"http:\/\/desarrollo.grupomedios.com\/futbol\/wp-json\/wp\/v2\/types\/post"}],"author":[{"embeddable":true,"href":"http:\/\/desarrollo.grupomedios.com\/futbol\/wp-json\/wp\/v2\/users\/159"}],"replies":[{"embeddable":true,"href":"http:\/\/desarrollo.grupomedios.com\/futbol\/wp-json\/wp\/v2\/comments?post=514570"}],"version-history":[{"count":1,"href":"http:\/\/desarrollo.grupomedios.com\/futbol\/wp-json\/wp\/v2\/posts\/514570\/revisions"}],"predecessor-version":[{"id":514572,"href":"http:\/\/desarrollo.grupomedios.com\/futbol\/wp-json\/wp\/v2\/posts\/514570\/revisions\/514572"}],"wp:featuredmedia":[{"embeddable":true,"href":"http:\/\/desarrollo.grupomedios.com\/futbol\/wp-json\/wp\/v2\/media\/514571"}],"wp:attachment":[{"href":"http:\/\/desarrollo.grupomedios.com\/futbol\/wp-json\/wp\/v2\/media?parent=514570"}],"wp:term":[{"taxonomy":"category","embeddable":true,"href":"http:\/\/desarrollo.grupomedios.com\/futbol\/wp-json\/wp\/v2\/categories?post=514570"},{"taxonomy":"post_tag","embeddable":true,"href":"http:\/\/desarrollo.grupomedios.com\/futbol\/wp-json\/wp\/v2\/tags?post=514570"}],"curies":[{"name":"wp","href":"https:\/\/api.w.org\/{rel}","templated":true}]}}