{"id":514592,"date":"2018-01-14T15:45:45","date_gmt":"2018-01-14T21:45:45","guid":{"rendered":"https:\/\/www.futboltotal.com.mx\/?p=514592"},"modified":"2018-01-14T15:45:45","modified_gmt":"2018-01-14T21:45:45","slug":"mauricio-pochettino-guino-al-real-madrid","status":"publish","type":"post","link":"http:\/\/desarrollo.grupomedios.com\/futbol\/futbol-internacional\/mauricio-pochettino-guino-al-real-madrid\/2018\/01","title":{"rendered":"Mauricio Pochettino \u00bfhace gui\u00f1o al Real Madrid?"},"content":{"rendered":"<p><strong>Mauricio Pochettino<\/strong>, t\u00e9cnico del <strong>Tottenham<\/strong>, dijo que es feliz en su actual club pero que &#8220;el f\u00fatbol&#8221; le llevar\u00e1 &#8220;donde el f\u00fatbol quiera&#8221; luego de ser preguntado si ir\u00eda al <strong>Real Madrid<\/strong>.<\/p>\n<p>&#8220;<mark>Estoy contento donde estoy, en Tottenham. El f\u00fatbol me llevar\u00e1 donde el f\u00fatbol quiera. <strong>Jorge Grifa<\/strong>, que es como un padre para m\u00ed, me dijo: &#8216;no pienses mucho, disfruta del presente y s\u00e9 profesional y responsable, que el f\u00fatbol te llevar\u00e1 donde quiera'&#8221;<\/mark>, manifest\u00f3 en <em>Onda Cero<\/em>.<\/p>\n<p style=\"text-align: center;\"><span style=\"color: #3366ff;\"><a href=\"https:\/\/www.futboltotal.com.mx\/futbol-internacional\/liga-de-inglaterra\/liverpool-le-quita-invicto-al-manchester-city\/2018\/01\">VER M\u00c1S: Liverpool le quita el invicto al Manchester City<\/a><\/span><\/p>\n<p>Uno de los jugadores que est\u00e1 en la \u00f3rbita del Real Madrid para la pr\u00f3xima temporada, el delantero ingl\u00e9s <strong>Harry Kane<\/strong>, es dirigido por Pochettino, que destac\u00f3 su crecimiento: &#8220;Desde que apareci\u00f3, enseguida empez\u00f3 a mostrar calidad. Ahora, tres a\u00f1os despu\u00e9s, en el Tottenham ha roto todos los r\u00e9cords&#8221;<\/p>\n<p>Tambi\u00e9n dirigi\u00f3 en el pasado al \u00faltimo gran fichaje del <strong>Barcelona<\/strong>, el brasile\u00f1o <strong>Philippe Coutinho<\/strong>.<\/p>\n<p>&#8220;A Coutinho le conozco de mi etapa en el <strong>Espanyol<\/strong>. Lo dirig\u00ed seis meses con 17 a\u00f1os. Barcelona es una ciudad especial para los brasile\u00f1os. En <strong>Liverpool<\/strong> hay mucho fr\u00edo y lluvia, es dif\u00edcil dejar una oportunidad as\u00ed. Tambi\u00e9n porque le ha llamado uno de los mejores clubes del mundo y la idea de jugar con <strong>Messi<\/strong> tira bastante&#8221;, afirm\u00f3. EFE<\/p>\n","protected":false},"excerpt":{"rendered":"<p>El t\u00e9cnico argentino es candidato para dirigir a los Merengues.<\/p>\n","protected":false},"author":129,"featured_media":465485,"comment_status":"closed","ping_status":"closed","sticky":false,"template":"","format":"standard","meta":[],"categories":[3839,3846],"tags":[6114,2302,334,5988,228],"_links":{"self":[{"href":"http:\/\/desarrollo.grupomedios.com\/futbol\/wp-json\/wp\/v2\/posts\/514592"}],"collection":[{"href":"http:\/\/desarrollo.grupomedios.com\/futbol\/wp-json\/wp\/v2\/posts"}],"about":[{"href":"http:\/\/desarrollo.grupomedios.com\/futbol\/wp-json\/wp\/v2\/types\/post"}],"author":[{"embeddable":true,"href":"http:\/\/desarrollo.grupomedios.com\/futbol\/wp-json\/wp\/v2\/users\/129"}],"replies":[{"embeddable":true,"href":"http:\/\/desarrollo.grupomedios.com\/futbol\/wp-json\/wp\/v2\/comments?post=514592"}],"version-history":[{"count":1,"href":"http:\/\/desarrollo.grupomedios.com\/futbol\/wp-json\/wp\/v2\/posts\/514592\/revisions"}],"predecessor-version":[{"id":514595,"href":"http:\/\/desarrollo.grupomedios.com\/futbol\/wp-json\/wp\/v2\/posts\/514592\/revisions\/514595"}],"wp:featuredmedia":[{"embeddable":true,"href":"http:\/\/desarrollo.grupomedios.com\/futbol\/wp-json\/wp\/v2\/media\/465485"}],"wp:attachment":[{"href":"http:\/\/desarrollo.grupomedios.com\/futbol\/wp-json\/wp\/v2\/media?parent=514592"}],"wp:term":[{"taxonomy":"category","embeddable":true,"href":"http:\/\/desarrollo.grupomedios.com\/futbol\/wp-json\/wp\/v2\/categories?post=514592"},{"taxonomy":"post_tag","embeddable":true,"href":"http:\/\/desarrollo.grupomedios.com\/futbol\/wp-json\/wp\/v2\/tags?post=514592"}],"curies":[{"name":"wp","href":"https:\/\/api.w.org\/{rel}","templated":true}]}}