{"id":514655,"date":"2018-01-14T21:57:25","date_gmt":"2018-01-15T03:57:25","guid":{"rendered":"https:\/\/www.futboltotal.com.mx\/?p=514655"},"modified":"2018-01-14T21:57:25","modified_gmt":"2018-01-15T03:57:25","slug":"asociacion-mexicana-futbolistas-incluyo-a-jugadoras-juveniles","status":"publish","type":"post","link":"http:\/\/desarrollo.grupomedios.com\/futbol\/futbol-mexicano\/asociacion-mexicana-futbolistas-incluyo-a-jugadoras-juveniles\/2018\/01","title":{"rendered":"Asociaci\u00f3n Mexicana de Futbolistas incluy\u00f3 a jugadoras y juveniles"},"content":{"rendered":"<p>La <strong>Asociaci\u00f3n Mexicana de Futbolistas<\/strong> realiz\u00f3 su primera reuni\u00f3n tras ser lanzada en octubre pasado y entre los resultados de la Asamblea, la gran novedad fue la inclusi\u00f3n de representantes de la<strong> Liga MX Femenil<\/strong>.<\/p>\n<p>La reuni\u00f3n inici\u00f3 a las 18:00 horas en un hotel del aeropuerto de la <strong>Ciudad de M\u00e9xico<\/strong>, a donde llegaron capitanes y subcapitanes de equipos, quienes fueron recibidos por <strong>\u00c1lvaro Ortiz<\/strong>,\u00a0 quien funge como <strong>presidente de la AMFpro<\/strong>.<\/p>\n<p>La sorpresa fue que no solo aparecieron\u00a0 <strong>Rafael M\u00e1rquez<\/strong>, <strong>Oribe Peralta<\/strong>, <strong>Christian Gim\u00e9nez<\/strong> y<strong> Carlos Salcido<\/strong>, sino que las jugadoras del futbol mexicano como la capitana de<strong> Chivas<\/strong>, <strong>Tania Morales<\/strong> y <strong>Deneva Cajigas<\/strong> de <strong>Pumas<\/strong>, capitanas de sus respectivos equipos.<\/p>\n<p style=\"text-align: center;\"><span style=\"color: #3366ff;\"><a href=\"https:\/\/www.futboltotal.com.mx\/futbol-mexicano\/liga-mx\/estadisticas-liga-mx-tabla-general-jornada-2-clausura-2018\/2018\/01\">VER M\u00c1S: Estad\u00edsticas Liga MX \u2013 Tabla General Jornada 2 Clausura 2018<\/a><\/span><\/p>\n<blockquote class=\"twitter-tweet\" data-data-dnt=\"true\">\n<p lang=\"es\" dir=\"ltr\">\ud83d\udce2 <a href=\"https:\/\/twitter.com\/hashtag\/Bolet%C3%ADnDePrensa?src=hash&amp;ref_src=twsrc%5Etfw\">#Bolet\u00ednDePrensa<\/a><br \/>En un hecho hist\u00f3rico, la Asociaci\u00f3n Mexicana de Futbolistas <a href=\"https:\/\/twitter.com\/AMFproMX?ref_src=twsrc%5Etfw\">@AMFproMX<\/a> realiza su primera Asamblea General 2018<a href=\"https:\/\/twitter.com\/hashtag\/FutbolistasUnidos?src=hash&amp;ref_src=twsrc%5Etfw\">#FutbolistasUnidos<\/a><a href=\"https:\/\/twitter.com\/hashtag\/PorElBienDelFutbolMexicano?src=hash&amp;ref_src=twsrc%5Etfw\">#PorElBienDelFutbolMexicano<\/a> <a href=\"https:\/\/t.co\/F7Ip5igGRa\">pic.twitter.com\/F7Ip5igGRa<\/a><\/p>\n<p>&mdash; AMFproMX (@AMFproMX) <a href=\"https:\/\/twitter.com\/AMFproMX\/status\/952739156400197633?ref_src=twsrc%5Etfw\">January 15, 2018<\/a><\/p><\/blockquote>\n<p><script async src=\"https:\/\/platform.twitter.com\/widgets.js\" charset=\"utf-8\"><\/script><\/p>\n<p>Tras el problema que vivi\u00f3 <strong>Oswaldo Alan\u00eds<\/strong> con Chivas, el tema del<strong> Pacto de Caballeros<\/strong> fue de los temas a tratar junto con el de los futbolistas que se quedaron sin trabajo en el <strong>DRAFT<\/strong>.<\/p>\n<p>&#8220;La idea es que todos estemos en el mismo canal, que sepamos de lo que se trata la asociaci\u00f3n y apoyarnos entre los jugadores; creo que es momento que, conformada, esta Asociaci\u00f3n de jugadores tome fuerza y la \u00fanica manera es que todos estemos unidos y en el mismo canal&#8221;, expres\u00f3 <strong>Mois\u00e9s Mu\u00f1oz<\/strong> al llegar a la reuni\u00edon.<\/p>\n<p>El portero reiter\u00f3 que no buscan confrontarse con nadie y que incluso esperan una reuni\u00f3n con la <strong>Federaci\u00f3n Mexicana de Futbol<\/strong>, adem\u00e1s de que destac\u00f3 que afortunadamente en el caso Alan\u00eds no debieron ir m\u00e1s a fondo.<\/p>\n<p>&#8220;Como este, se deben resolver todos y cada uno de los problemas que haya, primero entre el jugador y la instituci\u00f3n y despu\u00e9s que vean que tienen el respaldo de la Asociaci\u00f3n&#8221;, mencion\u00f3.<\/p>\n","protected":false},"excerpt":{"rendered":"<p>Se llev\u00f3 a cabo la primera Asamblea de la Asociaci\u00f3n Mexicana de Futbolistas.<\/p>\n","protected":false},"author":129,"featured_media":514656,"comment_status":"closed","ping_status":"closed","sticky":false,"template":"","format":"standard","meta":[],"categories":[2198,3845],"tags":[11582,9704,64,7754],"_links":{"self":[{"href":"http:\/\/desarrollo.grupomedios.com\/futbol\/wp-json\/wp\/v2\/posts\/514655"}],"collection":[{"href":"http:\/\/desarrollo.grupomedios.com\/futbol\/wp-json\/wp\/v2\/posts"}],"about":[{"href":"http:\/\/desarrollo.grupomedios.com\/futbol\/wp-json\/wp\/v2\/types\/post"}],"author":[{"embeddable":true,"href":"http:\/\/desarrollo.grupomedios.com\/futbol\/wp-json\/wp\/v2\/users\/129"}],"replies":[{"embeddable":true,"href":"http:\/\/desarrollo.grupomedios.com\/futbol\/wp-json\/wp\/v2\/comments?post=514655"}],"version-history":[{"count":1,"href":"http:\/\/desarrollo.grupomedios.com\/futbol\/wp-json\/wp\/v2\/posts\/514655\/revisions"}],"predecessor-version":[{"id":514657,"href":"http:\/\/desarrollo.grupomedios.com\/futbol\/wp-json\/wp\/v2\/posts\/514655\/revisions\/514657"}],"wp:featuredmedia":[{"embeddable":true,"href":"http:\/\/desarrollo.grupomedios.com\/futbol\/wp-json\/wp\/v2\/media\/514656"}],"wp:attachment":[{"href":"http:\/\/desarrollo.grupomedios.com\/futbol\/wp-json\/wp\/v2\/media?parent=514655"}],"wp:term":[{"taxonomy":"category","embeddable":true,"href":"http:\/\/desarrollo.grupomedios.com\/futbol\/wp-json\/wp\/v2\/categories?post=514655"},{"taxonomy":"post_tag","embeddable":true,"href":"http:\/\/desarrollo.grupomedios.com\/futbol\/wp-json\/wp\/v2\/tags?post=514655"}],"curies":[{"name":"wp","href":"https:\/\/api.w.org\/{rel}","templated":true}]}}