{"id":514674,"date":"2018-01-15T12:12:38","date_gmt":"2018-01-15T18:12:38","guid":{"rendered":"https:\/\/www.futboltotal.com.mx\/?p=514674"},"modified":"2018-01-15T12:12:38","modified_gmt":"2018-01-15T18:12:38","slug":"pique-platico-suarez-confeso-temio-fichar-barca","status":"publish","type":"post","link":"http:\/\/desarrollo.grupomedios.com\/futbol\/videos\/pique-platico-suarez-confeso-temio-fichar-barca\/2018\/01","title":{"rendered":"Piqu\u00e9 platic\u00f3 con Su\u00e1rez y confes\u00f3 que temi\u00f3 de no fichar por el Bar\u00e7a"},"content":{"rendered":"<p>El delantero uruguayo <strong>Luis S\u00faarez<\/strong> ha admitido que temi\u00f3 que se frustrara su fichaje por el Barcelona a ra\u00edz del mordisco que propin\u00f3 al italiano <strong>Giorgio Chiellini<\/strong> en los los octavos de final del <strong>Mundial de Brasil 2014<\/strong>.<\/p>\n<p>En una entrevista que le ha realizado su compa\u00f1ero <strong>Gerard Piqu\u00e9<\/strong> para <em>The Players&#8217; Tribune<\/em>, Su\u00e1rez ha comentado que a ra\u00edz de aquel episodio vio c\u00f3mo se pod\u00eda complicar su contrataci\u00f3n con el equipo catal\u00e1n.<\/p>\n<blockquote><p>&#8220;S\u00ed, s\u00ed porque era todo, \u00bfno? Aparte de estar pensando en el Mundial y pudiendo cumplir mi sue\u00f1o que era venir ac\u00e1 al Bar\u00e7a, se me hab\u00eda ido todo por la borda. Y creo que los d\u00edas despu\u00e9s que pasa, antes de que me echaran del <strong>Mundial<\/strong>, ah\u00ed es cuando hablo en su momento con <em>Zubi<\/em> (secretario t\u00e9cnico entonces) y con el presidente (<strong>Josep Maria Bartomeu<\/strong>), dici\u00e9ndome que me quedara tranquilo que el <strong>Bar\u00e7a<\/strong> igual me quer\u00eda&#8221;, ha comentado el charr\u00faa.<\/p><\/blockquote>\n<p>Su\u00e1rez ha desvelado que en ese momento llor\u00f3 al comprobar la reacci\u00f3n de los dirigentes azulgranas: &#8220;Llor\u00e9 de que me estuvieran aceptando y yo pasando por todos los momentos que pas\u00e9 y la cagada que me hab\u00eda mandado, era complicado confiar en m\u00ed. La verdad que en eso el Bar\u00e7a se ha portado espectacular conmigo y siempre le voy a estar agradecido&#8221;.<\/p>\n<p style=\"text-align: center;\"><a href=\"https:\/\/www.futboltotal.com.mx\/futbol-internacional\/liga-de-inglaterra\/cristiano-ronaldo-quiere-regresar-al-manchester-united\/2018\/01\"><span style=\"color: #3366ff;\">VER M\u00c1S: Cristiano Ronaldo quiere regresar al Manchester United<\/span><\/a><\/p>\n<p>Durante la entrevista, ambos jugadores han hablado sobre el pr\u00f3ximo <strong>Mundial de Rusia<\/strong>. Luis Su\u00e1rez considera que las selecciones europeas son las favoritas.<\/p>\n<p>&#8220;Obviamente Alemania por ser la campeona. Espa\u00f1a est\u00e1 jugando a un grand\u00edsimo nivel. Francia me gusta mucho los jugadores que tiene, aunque la mayor\u00eda son j\u00f3venes y despu\u00e9s est\u00e1n <strong>Argentina<\/strong>, <strong>Brasil<\/strong> y <strong>Uruguay<\/strong>&#8220;, ha comentado.<\/p>\n<p>El delantero ha alabado el trabajo de <strong>\u00d3scar Washington Tab\u00e1rez<\/strong> al frente de la selecci\u00f3n de su pa\u00eds. &#8220;Es un ejemplo, un maestro por lo que ha hecho porque ha cambiado muchas cosas, los jugadores le respetan mucho. Es una de las personas a las que siempre le estar\u00e9 agradecido&#8221;, ha dicho.<\/p>\n<p>Finalmente, preguntado por Piqu\u00e9 sobre las posibilidades de que esta temporada el Bar\u00e7a gane alguno de los t\u00edtulos en juego, Luis Su\u00e1rez lo ha dado por hecho: &#8220;Ganaremos algo seguro&#8221;. EFE<\/p>\n<p><iframe loading=\"lazy\" src=\"https:\/\/www.youtube.com\/embed\/bWIYnuv3d-o?feature=oembed\" frameborder=\"0\" allow=\"autoplay; encrypted-media\" allowfullscreen><\/iframe><\/p>\n","protected":false},"excerpt":{"rendered":"<p>El uruguayo platic\u00f3 con Gerard Piqu\u00e9 para The Players Tribune.<\/p>\n","protected":false},"author":129,"featured_media":514675,"comment_status":"closed","ping_status":"closed","sticky":false,"template":"","format":"standard","meta":[],"categories":[3839,3844,4],"tags":[5984,6214,6016],"_links":{"self":[{"href":"http:\/\/desarrollo.grupomedios.com\/futbol\/wp-json\/wp\/v2\/posts\/514674"}],"collection":[{"href":"http:\/\/desarrollo.grupomedios.com\/futbol\/wp-json\/wp\/v2\/posts"}],"about":[{"href":"http:\/\/desarrollo.grupomedios.com\/futbol\/wp-json\/wp\/v2\/types\/post"}],"author":[{"embeddable":true,"href":"http:\/\/desarrollo.grupomedios.com\/futbol\/wp-json\/wp\/v2\/users\/129"}],"replies":[{"embeddable":true,"href":"http:\/\/desarrollo.grupomedios.com\/futbol\/wp-json\/wp\/v2\/comments?post=514674"}],"version-history":[{"count":1,"href":"http:\/\/desarrollo.grupomedios.com\/futbol\/wp-json\/wp\/v2\/posts\/514674\/revisions"}],"predecessor-version":[{"id":514676,"href":"http:\/\/desarrollo.grupomedios.com\/futbol\/wp-json\/wp\/v2\/posts\/514674\/revisions\/514676"}],"wp:featuredmedia":[{"embeddable":true,"href":"http:\/\/desarrollo.grupomedios.com\/futbol\/wp-json\/wp\/v2\/media\/514675"}],"wp:attachment":[{"href":"http:\/\/desarrollo.grupomedios.com\/futbol\/wp-json\/wp\/v2\/media?parent=514674"}],"wp:term":[{"taxonomy":"category","embeddable":true,"href":"http:\/\/desarrollo.grupomedios.com\/futbol\/wp-json\/wp\/v2\/categories?post=514674"},{"taxonomy":"post_tag","embeddable":true,"href":"http:\/\/desarrollo.grupomedios.com\/futbol\/wp-json\/wp\/v2\/tags?post=514674"}],"curies":[{"name":"wp","href":"https:\/\/api.w.org\/{rel}","templated":true}]}}