{"id":514678,"date":"2018-01-15T13:17:11","date_gmt":"2018-01-15T19:17:11","guid":{"rendered":"https:\/\/www.futboltotal.com.mx\/?p=514678"},"modified":"2018-01-15T13:17:11","modified_gmt":"2018-01-15T19:17:11","slug":"jugador-del-atlas-asaltado-a-mano-armada","status":"publish","type":"post","link":"http:\/\/desarrollo.grupomedios.com\/futbol\/futbol-mexicano\/jugador-del-atlas-asaltado-a-mano-armada\/2018\/01","title":{"rendered":"Jugador del Atlas es asaltado a mano armada"},"content":{"rendered":"<p>A su regreso a <strong>Guadalajara<\/strong> luego de la derrota que el <strong>Atlas<\/strong> sufri\u00f3 este domingo ante <strong>Pumas<\/strong>, el defensor<strong> Rojinegro<\/strong>, <strong>Luis Reyes<\/strong>, fue v\u00edctima de robo a mano armada; fue despojado de su camioneta y otros objetos personales de valor.<\/p>\n<p>El seleccionado mexicano se dirig\u00eda hacia su domicilio en la <em>Perla Tapat\u00eda<\/em> cuando un sujeto le apunt\u00f3 con una pistola y le pidi\u00f3 que bajara del autom\u00f3vil.<\/p>\n<p><strong>Reyes<\/strong> presentar\u00eda este lunes la denuncia ante la <strong>Fiscal\u00eda de Jalisco<\/strong> para levantar los cargos correspondientes e iniciar la investigaci\u00f3n que ayude a dar con el responsable.<\/p>\n<p style=\"text-align: center;\"><span style=\"color: #3366ff;\"><a href=\"https:\/\/www.futboltotal.com.mx\/futbol-mexicano\/liga-mx\/11-ideal-la-jornada-2-del-clausura-2018\/2018\/01\">VER M\u00c1S: El 11 Ideal de la Jornada 2 del Clausura 2018<\/a><\/span><\/p>\n","protected":false},"excerpt":{"rendered":"<p>Luis Reyes fue atracado en su regreso a Guadalajara.<\/p>\n","protected":false},"author":129,"featured_media":514684,"comment_status":"closed","ping_status":"closed","sticky":false,"template":"","format":"standard","meta":[],"categories":[2198,3845],"tags":[5961,5963,64,8414],"_links":{"self":[{"href":"http:\/\/desarrollo.grupomedios.com\/futbol\/wp-json\/wp\/v2\/posts\/514678"}],"collection":[{"href":"http:\/\/desarrollo.grupomedios.com\/futbol\/wp-json\/wp\/v2\/posts"}],"about":[{"href":"http:\/\/desarrollo.grupomedios.com\/futbol\/wp-json\/wp\/v2\/types\/post"}],"author":[{"embeddable":true,"href":"http:\/\/desarrollo.grupomedios.com\/futbol\/wp-json\/wp\/v2\/users\/129"}],"replies":[{"embeddable":true,"href":"http:\/\/desarrollo.grupomedios.com\/futbol\/wp-json\/wp\/v2\/comments?post=514678"}],"version-history":[{"count":1,"href":"http:\/\/desarrollo.grupomedios.com\/futbol\/wp-json\/wp\/v2\/posts\/514678\/revisions"}],"predecessor-version":[{"id":514685,"href":"http:\/\/desarrollo.grupomedios.com\/futbol\/wp-json\/wp\/v2\/posts\/514678\/revisions\/514685"}],"wp:featuredmedia":[{"embeddable":true,"href":"http:\/\/desarrollo.grupomedios.com\/futbol\/wp-json\/wp\/v2\/media\/514684"}],"wp:attachment":[{"href":"http:\/\/desarrollo.grupomedios.com\/futbol\/wp-json\/wp\/v2\/media?parent=514678"}],"wp:term":[{"taxonomy":"category","embeddable":true,"href":"http:\/\/desarrollo.grupomedios.com\/futbol\/wp-json\/wp\/v2\/categories?post=514678"},{"taxonomy":"post_tag","embeddable":true,"href":"http:\/\/desarrollo.grupomedios.com\/futbol\/wp-json\/wp\/v2\/tags?post=514678"}],"curies":[{"name":"wp","href":"https:\/\/api.w.org\/{rel}","templated":true}]}}