{"id":514700,"date":"2018-01-15T18:23:04","date_gmt":"2018-01-16T00:23:04","guid":{"rendered":"https:\/\/www.futboltotal.com.mx\/?p=514700"},"modified":"2018-01-15T18:23:04","modified_gmt":"2018-01-16T00:23:04","slug":"partido-del-porto-se-suspende-grieta-en-la-grada","status":"publish","type":"post","link":"http:\/\/desarrollo.grupomedios.com\/futbol\/futbol-internacional\/partido-del-porto-se-suspende-grieta-en-la-grada\/2018\/01","title":{"rendered":"Partido del Porto se suspende por grieta en la grada"},"content":{"rendered":"<p>El partido de la jornada decimoctava de la <strong>Liga portuguesa<\/strong> entre el <strong>Estoril<\/strong> y el <strong>Porto<\/strong> fue hoy suspendido tras 45 minutos de juego despu\u00e9s de que la grada donde se situaban los aficionados blanquiazules diese se\u00f1ales de que pod\u00eda ceder.<\/p>\n<p>El encuentro en el <strong>estadio Ant\u00f3nio Coimbra da Mota<\/strong> (Estoril), que por el momento vencen los locales por 1 a 0 con un gol de <strong>Eduardo<\/strong>, qued\u00f3 interrumpido al descanso despu\u00e9s de que los aficionados del Porto sintieran moverse la grada en la que estaban alojados.<\/p>\n<p>Por miedo a que la estructura cediese, la grada fue evacuada y los aficionados entraron en el c\u00e9sped.<\/p>\n<p style=\"text-align: center;\"><span style=\"color: #3366ff;\"><a href=\"https:\/\/www.futboltotal.com.mx\/futbol-mexicano\/liga-mx\/aficionado-pumas-se-tatua-rostro-nico-castillo\/2018\/01\">VER M\u00c1S: Aficionado de Pumas se tat\u00faa rostro de Nico Castillo<\/a><\/span><\/p>\n<blockquote class=\"twitter-tweet\" data-width=\"500\">\n<p lang=\"pt\" dir=\"ltr\">Por problemas na estrutura de uma bancada do est\u00e1dio, os adeptos foram evacuados para o relvado, por indica\u00e7\u00e3o das for\u00e7as de seguran\u00e7a. A 2\u00aa parte ainda n\u00e3o come\u00e7ou.<a href=\"https:\/\/twitter.com\/hashtag\/FCPorto?src=hash&amp;ref_src=twsrc%5Etfw\">#FCPorto<\/a> <a href=\"https:\/\/twitter.com\/hashtag\/GDEPFCP?src=hash&amp;ref_src=twsrc%5Etfw\">#GDEPFCP<\/a> <a href=\"https:\/\/t.co\/nLfHQ729Fa\">pic.twitter.com\/nLfHQ729Fa<\/a><\/p>\n<p>&mdash; FC Porto (@FCPorto) <a href=\"https:\/\/twitter.com\/FCPorto\/status\/953027227062587394?ref_src=twsrc%5Etfw\">January 15, 2018<\/a><\/p><\/blockquote>\n<p><script async src=\"https:\/\/platform.twitter.com\/widgets.js\" charset=\"utf-8\"><\/script><\/p>\n<p>Aunque muchos de los aficionados afectados fueron recolocados, tras una hora de retraso fue anunciado por megafon\u00eda que el partido no se retomar\u00eda y que la segunda parte va a ser aplazada.<\/p>\n<p>La Liga Portuguesa todav\u00eda no ha anunciado si el partido se retomar\u00e1 ma\u00f1ana martes, una fecha que podr\u00eda no agradar al Porto, que tiene el pr\u00f3ximo partido de Liga el viernes.<\/p>\n<p>El partido es de vital importancia para ambos equipos, ya que el Porto necesita una victoria para no ceder el liderato al <strong>Sporting de Portugal,<\/strong> mientras que el Estoril est\u00e1 necesitado de puntos porque es colista. EFE<\/p>\n","protected":false},"excerpt":{"rendered":"<p>El partido fue suspendido tras 45 minutos de juego.<\/p>\n","protected":false},"author":129,"featured_media":514703,"comment_status":"closed","ping_status":"closed","sticky":false,"template":"","format":"standard","meta":[],"categories":[3839],"tags":[5301,3882,4863,1208],"_links":{"self":[{"href":"http:\/\/desarrollo.grupomedios.com\/futbol\/wp-json\/wp\/v2\/posts\/514700"}],"collection":[{"href":"http:\/\/desarrollo.grupomedios.com\/futbol\/wp-json\/wp\/v2\/posts"}],"about":[{"href":"http:\/\/desarrollo.grupomedios.com\/futbol\/wp-json\/wp\/v2\/types\/post"}],"author":[{"embeddable":true,"href":"http:\/\/desarrollo.grupomedios.com\/futbol\/wp-json\/wp\/v2\/users\/129"}],"replies":[{"embeddable":true,"href":"http:\/\/desarrollo.grupomedios.com\/futbol\/wp-json\/wp\/v2\/comments?post=514700"}],"version-history":[{"count":1,"href":"http:\/\/desarrollo.grupomedios.com\/futbol\/wp-json\/wp\/v2\/posts\/514700\/revisions"}],"predecessor-version":[{"id":514705,"href":"http:\/\/desarrollo.grupomedios.com\/futbol\/wp-json\/wp\/v2\/posts\/514700\/revisions\/514705"}],"wp:featuredmedia":[{"embeddable":true,"href":"http:\/\/desarrollo.grupomedios.com\/futbol\/wp-json\/wp\/v2\/media\/514703"}],"wp:attachment":[{"href":"http:\/\/desarrollo.grupomedios.com\/futbol\/wp-json\/wp\/v2\/media?parent=514700"}],"wp:term":[{"taxonomy":"category","embeddable":true,"href":"http:\/\/desarrollo.grupomedios.com\/futbol\/wp-json\/wp\/v2\/categories?post=514700"},{"taxonomy":"post_tag","embeddable":true,"href":"http:\/\/desarrollo.grupomedios.com\/futbol\/wp-json\/wp\/v2\/tags?post=514700"}],"curies":[{"name":"wp","href":"https:\/\/api.w.org\/{rel}","templated":true}]}}