{"id":514701,"date":"2018-01-15T18:24:57","date_gmt":"2018-01-16T00:24:57","guid":{"rendered":"https:\/\/www.futboltotal.com.mx\/?p=514701"},"modified":"2018-01-15T18:25:56","modified_gmt":"2018-01-16T00:25:56","slug":"porto-no-dejara-salir-a-miguel-layun","status":"publish","type":"post","link":"http:\/\/desarrollo.grupomedios.com\/futbol\/futbol-internacional\/porto-no-dejara-salir-a-miguel-layun\/2018\/01","title":{"rendered":"\u00a1Se Queda! Porto no dejar\u00e1 salir a Miguel Lay\u00fan"},"content":{"rendered":"<p>Este mercado invernal parec\u00eda la salida perfecta para el lateral mexicano, <strong>Miguel Lay\u00fan<\/strong>, quien est\u00e1 ansioso por tener minutos, sobre todo con miras a disputar la <strong>Copa del Mundo de Rusia 2018<\/strong>, pero todo parece indicar que su\u00a0 \u00fanica alternativa para ganarse un lugar con la<strong> Selecci\u00f3n Mexicana<\/strong> de <strong>Juan Carlos Osorio<\/strong> y ser\u00e1 ganarse un lugar en el<strong> Porto.<\/strong><\/p>\n<p style=\"text-align: center;\"><a href=\"https:\/\/www.futboltotal.com.mx\/futbol-mexicano\/liga-mx\/11-ideal-la-jornada-2-del-clausura-2018\/2018\/01\" target=\"_blank\" rel=\"noopener\">VER M\u00c1S: El 11 ideal de la jornada 2 del Clausura 2018<\/a><\/p>\n<p>De acuerdo con el diario A Bola de Portugal, <mark>los Dragones no tienen ninguna intenci\u00f3n de escuchar alguna de las ofertas que le han llegado para dejar salir a Miguel Lay\u00fan<\/mark>, en primera instancia estaban esperando la posible llegada de refuerzos, pero la realidad es que han decidido no cambiar la postura y aunque lleguen nuevos futbolistas no dejar\u00e1n marcharse al mexicano.<\/p>\n<p>Una larga fila de clubes se quedar\u00e1n esperando el posible fichaje del mexicano pues en Espa\u00f1a el <strong>Deportivo Alav\u00e9s, Celta de Vigo<\/strong> y <strong>Real Betis<\/strong>, adem\u00e1s de en Italia la<strong> Lazio<\/strong> ten\u00edan el inter\u00e9s por hacerse con sus servicios pero ser\u00e1 imposible, Ahora L<mark>ay\u00fan deber\u00e1 trabajar el doble para ganarse un lugar en su equipo<\/mark> y as\u00ed ser tomado en cuenta con M\u00e9xico en un a\u00f1o important\u00edsimo para las selecciones que consiguieron su boleto para la justa.<\/p>\n<p style=\"text-align: center;\"><a href=\"https:\/\/www.futboltotal.com.mx\/futbol-mexicano\/liga-mx\/aficionado-pumas-se-tatua-rostro-nico-castillo\/2018\/01\" target=\"_blank\" rel=\"noopener\">VER M\u00c1S: Aficionado de Pumas se tat\u00faa rostro de Nico Castillo<\/a><\/p>\n<p>&nbsp;<\/p>\n","protected":false},"excerpt":{"rendered":"<p>El mexicano deber\u00e1 buscar la forma de ganarse un lugar para estar en Rusia 2018<\/p>\n","protected":false},"author":159,"featured_media":514704,"comment_status":"closed","ping_status":"closed","sticky":false,"template":"","format":"standard","meta":[],"categories":[3839,7709],"tags":[65,1035,1208,2232],"_links":{"self":[{"href":"http:\/\/desarrollo.grupomedios.com\/futbol\/wp-json\/wp\/v2\/posts\/514701"}],"collection":[{"href":"http:\/\/desarrollo.grupomedios.com\/futbol\/wp-json\/wp\/v2\/posts"}],"about":[{"href":"http:\/\/desarrollo.grupomedios.com\/futbol\/wp-json\/wp\/v2\/types\/post"}],"author":[{"embeddable":true,"href":"http:\/\/desarrollo.grupomedios.com\/futbol\/wp-json\/wp\/v2\/users\/159"}],"replies":[{"embeddable":true,"href":"http:\/\/desarrollo.grupomedios.com\/futbol\/wp-json\/wp\/v2\/comments?post=514701"}],"version-history":[{"count":1,"href":"http:\/\/desarrollo.grupomedios.com\/futbol\/wp-json\/wp\/v2\/posts\/514701\/revisions"}],"predecessor-version":[{"id":514706,"href":"http:\/\/desarrollo.grupomedios.com\/futbol\/wp-json\/wp\/v2\/posts\/514701\/revisions\/514706"}],"wp:featuredmedia":[{"embeddable":true,"href":"http:\/\/desarrollo.grupomedios.com\/futbol\/wp-json\/wp\/v2\/media\/514704"}],"wp:attachment":[{"href":"http:\/\/desarrollo.grupomedios.com\/futbol\/wp-json\/wp\/v2\/media?parent=514701"}],"wp:term":[{"taxonomy":"category","embeddable":true,"href":"http:\/\/desarrollo.grupomedios.com\/futbol\/wp-json\/wp\/v2\/categories?post=514701"},{"taxonomy":"post_tag","embeddable":true,"href":"http:\/\/desarrollo.grupomedios.com\/futbol\/wp-json\/wp\/v2\/tags?post=514701"}],"curies":[{"name":"wp","href":"https:\/\/api.w.org\/{rel}","templated":true}]}}