{"id":514717,"date":"2018-01-15T20:00:50","date_gmt":"2018-01-16T02:00:50","guid":{"rendered":"https:\/\/www.futboltotal.com.mx\/?p=514717"},"modified":"2018-01-15T20:00:50","modified_gmt":"2018-01-16T02:00:50","slug":"puebla-suma-2-nuevos-refuerzos-clausura-2018","status":"publish","type":"post","link":"http:\/\/desarrollo.grupomedios.com\/futbol\/futbol-mexicano\/puebla-suma-2-nuevos-refuerzos-clausura-2018\/2018\/01","title":{"rendered":"Puebla suma 2 nuevos refuerzos para el Clausura 2018"},"content":{"rendered":"<p>El cuadro de la <strong>Franja de Puebla<\/strong> ha presentado a dos nuevos refuerzos para encarar el actual <strong>Clausura 2018<\/strong>, que ya se ha puesto en marcha y est\u00e1n necesitados de encontrar gente que los ayude a alejarse del tema del descenso. Adem\u00e1s que han tra\u00eddo una competencia directa para <strong>Mois\u00e9s Mu\u00f1oz<\/strong>, quien tuvo un error importante al inicio del torneo.<\/p>\n<p>El primero se trata de un<mark> lateral derecho proveniente del <strong>Santos de Brasil<\/strong> llamado<strong> Matheus Ribeiro<\/strong> de 24 a\u00f1os<\/mark>. El futbolista ha hecho toda su carrera en el balompi\u00e9 de su pa\u00eds y esta es la primera vez que tendr\u00e1 una experiencia internacional. El a\u00f1o pasado apenas jug\u00f3 9 encuentros con su equipo, por lo que no tuvo mucha actividad.<\/p>\n<blockquote class=\"twitter-tweet\" data-lang=\"es\">\n<p dir=\"ltr\" lang=\"es\">\u00a1Bienvenido a casa, <a href=\"https:\/\/twitter.com\/mribeiro_93?ref_src=twsrc%5Etfw\">@mribeiro_93<\/a>! \u26aa\ufe0f<a href=\"https:\/\/twitter.com\/hashtag\/YoCreoEnLaFranja?src=hash&amp;ref_src=twsrc%5Etfw\">#YoCreoEnLaFranja<\/a>&#x1f3bd;<\/p>\n<p>&#x1f449; <a href=\"https:\/\/t.co\/2QCmzlNcfM\">https:\/\/t.co\/2QCmzlNcfM<\/a> <a href=\"https:\/\/t.co\/UEkyNwXxxA\">pic.twitter.com\/UEkyNwXxxA<\/a><\/p>\n<p>\u2014 Club Puebla&#x1f3bd; (@ClubPueblaMX) <a href=\"https:\/\/twitter.com\/ClubPueblaMX\/status\/953008354263289857?ref_src=twsrc%5Etfw\">15 de enero de 2018<\/a><\/p><\/blockquote>\n<p><script async src=\"https:\/\/platform.twitter.com\/widgets.js\" charset=\"utf-8\"><\/script><\/p>\n<p style=\"text-align: center;\"><a href=\"https:\/\/www.futboltotal.com.mx\/futbol-mexicano\/liga-mx\/luuk-jong-habla-la-oferta-le-america\/2018\/01\" target=\"_blank\" rel=\"noopener\">VER M\u00c1S: Luuk de Jong habla de la oferta que le hizo Am\u00e9rica<\/a><\/p>\n<p>El siguiente refuerzo se trata del <mark>guardameta uruguayo <strong>Nicol\u00e1s Vikonis<\/strong>, quien llega procedente de Millonarios de Colombia<\/mark>, equipo con el que acaba de salir campe\u00f3n de liga.\u00a0El guardameta de 33 a\u00f1os ha militado para el\u00a0<strong>Atl\u00e9tico Bucaramanga, Patriotas Boyac\u00e1 y Millonarios<\/strong>\u00a0en Colombia; y en Uruguay ha jugado para\u00a0<strong>Hurac\u00e1n Buceo, F\u00e9nix, Liverpool, Rampla Juniors y Certio<\/strong>.<\/p>\n<p>Su llegada ya s<a href=\"https:\/\/www.futboltotal.com.mx\/futbol-mexicano\/liga-mx\/moises-munoz-hace-un-oso-puebla-ya-busca-sustituto\/2018\/01\" target=\"_blank\" rel=\"noopener\">e esperaba luego del error que tuvo Mois\u00e9s Mu\u00f1oz<\/a> en el juego de la Jornada 1 ante <strong>Tigres UANL<\/strong> que les cost\u00f3 el empate moment\u00e1neo a los de la Franja.<\/p>\n<blockquote class=\"twitter-tweet\" data-lang=\"es\">\n<p dir=\"ltr\" lang=\"es\">\u00a1Bienvenido a casa, <a href=\"https:\/\/twitter.com\/nicovikonis27?ref_src=twsrc%5Etfw\">@nicovikonis27<\/a>! \u26aa\ufe0f<a href=\"https:\/\/twitter.com\/hashtag\/YoCreoEnLaFranja?src=hash&amp;ref_src=twsrc%5Etfw\">#YoCreoEnLaFranja<\/a>&#x1f3bd;<\/p>\n<p>&#x1f449; <a href=\"https:\/\/t.co\/DnxIOgqVEH\">https:\/\/t.co\/DnxIOgqVEH<\/a> <a href=\"https:\/\/t.co\/P5CVwPERek\">pic.twitter.com\/P5CVwPERek<\/a><\/p>\n<p>\u2014 Club Puebla&#x1f3bd; (@ClubPueblaMX) <a href=\"https:\/\/twitter.com\/ClubPueblaMX\/status\/953074346737750017?ref_src=twsrc%5Etfw\">16 de enero de 2018<\/a><\/p><\/blockquote>\n<p><script async src=\"https:\/\/platform.twitter.com\/widgets.js\" charset=\"utf-8\"><\/script><\/p>\n<p style=\"text-align: center;\"><a href=\"https:\/\/www.futboltotal.com.mx\/futbol-internacional\/liga-de-inglaterra\/chicharito-tendria-mas-minutos-gracias-al-chelsea\/2018\/01\" target=\"_blank\" rel=\"noopener\">VER M\u00c1S: Chicharito tendr\u00eda m\u00e1s minutos gracias al Chelsea<\/a><\/p>\n","protected":false},"excerpt":{"rendered":"<p>El cuadro de La Franja contin\u00faa arm\u00e1ndose para el presente torneo<\/p>\n","protected":false},"author":159,"featured_media":514718,"comment_status":"closed","ping_status":"closed","sticky":false,"template":"","format":"standard","meta":[],"categories":[2198,3845],"tags":[9028,64,11585,11568,5969],"_links":{"self":[{"href":"http:\/\/desarrollo.grupomedios.com\/futbol\/wp-json\/wp\/v2\/posts\/514717"}],"collection":[{"href":"http:\/\/desarrollo.grupomedios.com\/futbol\/wp-json\/wp\/v2\/posts"}],"about":[{"href":"http:\/\/desarrollo.grupomedios.com\/futbol\/wp-json\/wp\/v2\/types\/post"}],"author":[{"embeddable":true,"href":"http:\/\/desarrollo.grupomedios.com\/futbol\/wp-json\/wp\/v2\/users\/159"}],"replies":[{"embeddable":true,"href":"http:\/\/desarrollo.grupomedios.com\/futbol\/wp-json\/wp\/v2\/comments?post=514717"}],"version-history":[{"count":1,"href":"http:\/\/desarrollo.grupomedios.com\/futbol\/wp-json\/wp\/v2\/posts\/514717\/revisions"}],"predecessor-version":[{"id":514719,"href":"http:\/\/desarrollo.grupomedios.com\/futbol\/wp-json\/wp\/v2\/posts\/514717\/revisions\/514719"}],"wp:featuredmedia":[{"embeddable":true,"href":"http:\/\/desarrollo.grupomedios.com\/futbol\/wp-json\/wp\/v2\/media\/514718"}],"wp:attachment":[{"href":"http:\/\/desarrollo.grupomedios.com\/futbol\/wp-json\/wp\/v2\/media?parent=514717"}],"wp:term":[{"taxonomy":"category","embeddable":true,"href":"http:\/\/desarrollo.grupomedios.com\/futbol\/wp-json\/wp\/v2\/categories?post=514717"},{"taxonomy":"post_tag","embeddable":true,"href":"http:\/\/desarrollo.grupomedios.com\/futbol\/wp-json\/wp\/v2\/tags?post=514717"}],"curies":[{"name":"wp","href":"https:\/\/api.w.org\/{rel}","templated":true}]}}