{"id":514727,"date":"2018-01-16T08:50:36","date_gmt":"2018-01-16T14:50:36","guid":{"rendered":"https:\/\/www.futboltotal.com.mx\/?p=514727"},"modified":"2018-01-16T10:17:39","modified_gmt":"2018-01-16T16:17:39","slug":"roberto-soldado-nuevo-objetivo-america","status":"publish","type":"post","link":"http:\/\/desarrollo.grupomedios.com\/futbol\/destacado-home\/roberto-soldado-nuevo-objetivo-america\/2018\/01","title":{"rendered":"Roberto Soldado, el nuevo objetivo de Am\u00e9rica"},"content":{"rendered":"<p>Las \u00c1guilas del Am\u00e9rica contin\u00faan buscando un centro delantero de primer nivel y desea a un atacante europeo, como ya ha quedado de manifiesto al buscar al holand\u00e9s <a href=\"https:\/\/www.futboltotal.com.mx\/futbol-mexicano\/liga-mx\/luuk-jong-habla-la-oferta-le-america\/2018\/01\" target=\"_blank\" rel=\"noopener\"><strong>Luuk de Jong<\/strong><\/a>, quien no pudo llegar a Coapa pero ahora tienen en la mira a <strong>Roberto Soldado<\/strong>, ex delantero del Real Madrid que podr\u00eda venir a jugar a la<strong> Liga MX<\/strong> en este <strong>Clausura 2018.<\/strong><\/p>\n<p>El actual futbolista de 32 a\u00f1os juega para el\u00a0<b>Fenerbahce<\/b>\u00a0de Turqu\u00eda y de acuerdo con el medio de ese pa\u00eds Foto Mac el delantero est\u00e1 en la mira del cuadro azulcrema y tiene un valor cercano a los\u00a0<b>seis millones de euros<\/b>, as\u00ed lo indica el portal Transfermarkt. Aunque la negociaci\u00f3n a\u00fan est\u00e1 fr\u00eda los americanistas est\u00e1n en pl\u00e1ticas para lograr el ansiado fichaje que complete una delantera de miedo.<\/p>\n<p style=\"text-align: center;\"><a href=\"https:\/\/www.futboltotal.com.mx\/futbol-mexicano\/liga-mx\/landon-donovan-causa-revuelo-en-presentacion-leon\/2018\/01\">VER M\u00c1S: Landon Donovan causa revuelo en su presentaci\u00f3n con Le\u00f3n<\/a><\/p>\n<p>Soldado tiene una gran experiencia en el balompi\u00e9 europeo desde que debutara en 2005 con el <strong>Real Madrid<\/strong>, pues tambi\u00e9n jug\u00f3 en\u00a0<strong>Valencia, Villarreal<\/strong> y <strong>Tottenham Hotspur<\/strong>. De igual forma ha sido parte de la\u00a0<b>Selecci\u00f3n de Espa\u00f1a,\u00a0<\/b>siendo campe\u00f3n de 2 Eurocopas, una Copa del Mundo y la Copa Confederaciones.<\/p>\n<p>En la actual temporada el delantero tiene<strong> cinco goles en catorce juegos<\/strong> con el con junto turco. De darse esta negociaci\u00f3n el Am\u00e9rica conseguir\u00eda cada uno de sus anhelos y tendr\u00eda una ataque de lujo.<\/p>\n<p style=\"text-align: center;\"><a href=\"https:\/\/www.futboltotal.com.mx\/futbol-mexicano\/liga-mx\/aficionado-pumas-se-tatua-rostro-nico-castillo\/2018\/01\">VER M\u00c1S: Aficionado de Pumas se tat\u00faa rostro de Nico Castillo<\/a><\/p>\n","protected":false},"excerpt":{"rendered":"<p>El equipo americanista sigue en busca de un delantero de garant\u00edas para completar su plantilla<\/p>\n","protected":false},"author":159,"featured_media":514728,"comment_status":"closed","ping_status":"closed","sticky":false,"template":"","format":"standard","meta":[],"categories":[5,2198,3845],"tags":[5959,9028,64,2440],"_links":{"self":[{"href":"http:\/\/desarrollo.grupomedios.com\/futbol\/wp-json\/wp\/v2\/posts\/514727"}],"collection":[{"href":"http:\/\/desarrollo.grupomedios.com\/futbol\/wp-json\/wp\/v2\/posts"}],"about":[{"href":"http:\/\/desarrollo.grupomedios.com\/futbol\/wp-json\/wp\/v2\/types\/post"}],"author":[{"embeddable":true,"href":"http:\/\/desarrollo.grupomedios.com\/futbol\/wp-json\/wp\/v2\/users\/159"}],"replies":[{"embeddable":true,"href":"http:\/\/desarrollo.grupomedios.com\/futbol\/wp-json\/wp\/v2\/comments?post=514727"}],"version-history":[{"count":1,"href":"http:\/\/desarrollo.grupomedios.com\/futbol\/wp-json\/wp\/v2\/posts\/514727\/revisions"}],"predecessor-version":[{"id":514729,"href":"http:\/\/desarrollo.grupomedios.com\/futbol\/wp-json\/wp\/v2\/posts\/514727\/revisions\/514729"}],"wp:featuredmedia":[{"embeddable":true,"href":"http:\/\/desarrollo.grupomedios.com\/futbol\/wp-json\/wp\/v2\/media\/514728"}],"wp:attachment":[{"href":"http:\/\/desarrollo.grupomedios.com\/futbol\/wp-json\/wp\/v2\/media?parent=514727"}],"wp:term":[{"taxonomy":"category","embeddable":true,"href":"http:\/\/desarrollo.grupomedios.com\/futbol\/wp-json\/wp\/v2\/categories?post=514727"},{"taxonomy":"post_tag","embeddable":true,"href":"http:\/\/desarrollo.grupomedios.com\/futbol\/wp-json\/wp\/v2\/tags?post=514727"}],"curies":[{"name":"wp","href":"https:\/\/api.w.org\/{rel}","templated":true}]}}