{"id":514736,"date":"2018-01-16T10:03:25","date_gmt":"2018-01-16T16:03:25","guid":{"rendered":"https:\/\/www.futboltotal.com.mx\/?p=514736"},"modified":"2018-01-16T10:03:25","modified_gmt":"2018-01-16T16:03:25","slug":"aubameyang-pide-libertad-al-dortmund-estaria-cerca-del-arsenal","status":"publish","type":"post","link":"http:\/\/desarrollo.grupomedios.com\/futbol\/futbol-internacional\/aubameyang-pide-libertad-al-dortmund-estaria-cerca-del-arsenal\/2018\/01","title":{"rendered":"Aubameyang pide &#8220;libertad&#8221; al Dortmund y estar\u00eda cerca del Arsenal"},"content":{"rendered":"<p>El delantero gabon\u00e9s <strong>Pierre Emerick Aubameyang<\/strong> ha pedido la carta de libertad al <strong>Borussia Dortmund<\/strong> y el club, seg\u00fan informaciones que publicadas este martes por el diario <em>Bild<\/em>, est\u00e1 dispuesto a dejarlo marchar si recibe una oferta de por lo menos<strong> 70 millones de euros<\/strong>.<\/p>\n<p>Aubameyang, de 28 a\u00f1os y con contrato hasta 2021, es el goleador del Dortmund pero ha tenido problemas por reiterados actos de indisciplina. Los \u00faltimos han sido interpretados para forzar su despido.<\/p>\n<p>El jugador no fue incluido en la convocatoria del partido del domingo pasado que el Dortmund empat\u00f3 sin goles ante el <strong>Stuttgart<\/strong> despu\u00e9s de que faltara a una reuni\u00f3n convocada por el entrenador <strong>Peter St\u00f6ger.<\/strong><\/p>\n<p style=\"text-align: center;\"><span style=\"color: #3366ff;\"><a href=\"https:\/\/www.futboltotal.com.mx\/futbol-mexicano\/liga-mx\/landon-donovan-causa-revuelo-en-presentacion-leon\/2018\/01\">VER M\u00c1S: Landon Donovan causa revuelo en su presentaci\u00f3n con Le\u00f3n<\/a><\/span><\/p>\n<p>St\u00f6ger oblig\u00f3 a Aubameyang a participar en el entrenamiento antes del partido y despu\u00e9s le inform\u00f3 que no estar\u00eda en la convocatoria.<\/p>\n<p>Adem\u00e1s, seg\u00fan el <em>Bild<\/em>, el Dortmund le impuso a Aubameyang una multa de m\u00e1s de 100.000 euros.<\/p>\n<p>En los medios circula desde hace tiempo la versi\u00f3n de que el <strong>Arsenal<\/strong> est\u00e1 preparando una oferta por Aubameyang de cerca de 65 millones de euros.<\/p>\n<p>Una variante ser\u00eda que en el precio de Aubameyang se incluyera el traspaso al Dortmund del franc\u00e9s <strong>Oliver Giraud<\/strong>.EFE<\/p>\n<p><iframe loading=\"lazy\" src=\"https:\/\/www.youtube.com\/embed\/p3O7BNUTOs4?feature=oembed\" frameborder=\"0\" allow=\"autoplay; encrypted-media\" allowfullscreen><\/iframe><\/p>\n","protected":false},"excerpt":{"rendered":"<p>El gabon\u00e9s podr\u00eda estar a punto de firmar con los Gunners.<\/p>\n","protected":false},"author":129,"featured_media":508983,"comment_status":"closed","ping_status":"closed","sticky":false,"template":"","format":"standard","meta":[],"categories":[9808,3839],"tags":[6044,6047,11588,11587,5078],"_links":{"self":[{"href":"http:\/\/desarrollo.grupomedios.com\/futbol\/wp-json\/wp\/v2\/posts\/514736"}],"collection":[{"href":"http:\/\/desarrollo.grupomedios.com\/futbol\/wp-json\/wp\/v2\/posts"}],"about":[{"href":"http:\/\/desarrollo.grupomedios.com\/futbol\/wp-json\/wp\/v2\/types\/post"}],"author":[{"embeddable":true,"href":"http:\/\/desarrollo.grupomedios.com\/futbol\/wp-json\/wp\/v2\/users\/129"}],"replies":[{"embeddable":true,"href":"http:\/\/desarrollo.grupomedios.com\/futbol\/wp-json\/wp\/v2\/comments?post=514736"}],"version-history":[{"count":1,"href":"http:\/\/desarrollo.grupomedios.com\/futbol\/wp-json\/wp\/v2\/posts\/514736\/revisions"}],"predecessor-version":[{"id":514738,"href":"http:\/\/desarrollo.grupomedios.com\/futbol\/wp-json\/wp\/v2\/posts\/514736\/revisions\/514738"}],"wp:featuredmedia":[{"embeddable":true,"href":"http:\/\/desarrollo.grupomedios.com\/futbol\/wp-json\/wp\/v2\/media\/508983"}],"wp:attachment":[{"href":"http:\/\/desarrollo.grupomedios.com\/futbol\/wp-json\/wp\/v2\/media?parent=514736"}],"wp:term":[{"taxonomy":"category","embeddable":true,"href":"http:\/\/desarrollo.grupomedios.com\/futbol\/wp-json\/wp\/v2\/categories?post=514736"},{"taxonomy":"post_tag","embeddable":true,"href":"http:\/\/desarrollo.grupomedios.com\/futbol\/wp-json\/wp\/v2\/tags?post=514736"}],"curies":[{"name":"wp","href":"https:\/\/api.w.org\/{rel}","templated":true}]}}