{"id":514784,"date":"2018-01-15T19:51:37","date_gmt":"2018-01-16T01:51:37","guid":{"rendered":"https:\/\/www.futboltotal.com.mx\/?p=514784"},"modified":"2018-01-16T23:00:15","modified_gmt":"2018-01-17T05:00:15","slug":"cruz-azul-vs-puebla-copa-mx-clausura-2018-en-vivo-minuto-a-minuto","status":"publish","type":"post","link":"http:\/\/desarrollo.grupomedios.com\/futbol\/futbol-mexicano\/cruz-azul-vs-puebla-copa-mx-clausura-2018-en-vivo-minuto-a-minuto\/2018\/01","title":{"rendered":"Cruz Azul vs Puebla | Copa MX Clausura 2018 | EN VIVO: Minuto a minuto"},"content":{"rendered":"<p>La <strong>M\u00e1quina de Cruz Azul<\/strong> recibe a la <strong>Franja del Puebla<\/strong> en el juego que cierra la jornada de martes de la <strong>Copa MX<\/strong> en la edici\u00f3n Clausura 2018.<\/p>\n<div><iframe src=\"https:\/\/en-vivo.futboltotal.com.mx\/embed.php\/?id=509\" width=\"100%\" id=\"frame_minuto\"><\/iframe><\/div>\n<p>Los cementeros perdieron en su debut copero por la m\u00ednima en la cancha de los <strong>Alebrijes de Oaxaca<\/strong> por 0-1 con gol de Mart\u00edn Z\u00fa\u00f1iga.<\/p>\n<p>El Puebla ha demostrado cara en el inicio del torneo liguero, y pese a que perdi\u00f3 en Morelia, tuvo por ratos buenos momentos.<\/p>\n<p><strong>\u00a1NO TE PIERDAS EL MINUTO A MINUTO DEL CRUZ AZUL VS PUEBLA EN PUNTO DE LAS 21:00 HORAS!<\/strong><\/p>\n","protected":false},"excerpt":{"rendered":"<p>La M\u00e1quina busca levantar la cara en la Copa<\/p>\n","protected":false},"author":160,"featured_media":514796,"comment_status":"closed","ping_status":"closed","sticky":false,"template":"","format":"standard","meta":[],"categories":[4247,2198,3845],"tags":[285,5962,5969],"_links":{"self":[{"href":"http:\/\/desarrollo.grupomedios.com\/futbol\/wp-json\/wp\/v2\/posts\/514784"}],"collection":[{"href":"http:\/\/desarrollo.grupomedios.com\/futbol\/wp-json\/wp\/v2\/posts"}],"about":[{"href":"http:\/\/desarrollo.grupomedios.com\/futbol\/wp-json\/wp\/v2\/types\/post"}],"author":[{"embeddable":true,"href":"http:\/\/desarrollo.grupomedios.com\/futbol\/wp-json\/wp\/v2\/users\/160"}],"replies":[{"embeddable":true,"href":"http:\/\/desarrollo.grupomedios.com\/futbol\/wp-json\/wp\/v2\/comments?post=514784"}],"version-history":[{"count":1,"href":"http:\/\/desarrollo.grupomedios.com\/futbol\/wp-json\/wp\/v2\/posts\/514784\/revisions"}],"predecessor-version":[{"id":514786,"href":"http:\/\/desarrollo.grupomedios.com\/futbol\/wp-json\/wp\/v2\/posts\/514784\/revisions\/514786"}],"wp:featuredmedia":[{"embeddable":true,"href":"http:\/\/desarrollo.grupomedios.com\/futbol\/wp-json\/wp\/v2\/media\/514796"}],"wp:attachment":[{"href":"http:\/\/desarrollo.grupomedios.com\/futbol\/wp-json\/wp\/v2\/media?parent=514784"}],"wp:term":[{"taxonomy":"category","embeddable":true,"href":"http:\/\/desarrollo.grupomedios.com\/futbol\/wp-json\/wp\/v2\/categories?post=514784"},{"taxonomy":"post_tag","embeddable":true,"href":"http:\/\/desarrollo.grupomedios.com\/futbol\/wp-json\/wp\/v2\/tags?post=514784"}],"curies":[{"name":"wp","href":"https:\/\/api.w.org\/{rel}","templated":true}]}}