{"id":514797,"date":"2018-01-16T17:19:38","date_gmt":"2018-01-16T23:19:38","guid":{"rendered":"https:\/\/www.futboltotal.com.mx\/?p=514797"},"modified":"2018-01-16T17:19:38","modified_gmt":"2018-01-16T23:19:38","slug":"edwin-cardona-acusado-amenazar-cuchillo-a-dos-mujeres","status":"publish","type":"post","link":"http:\/\/desarrollo.grupomedios.com\/futbol\/futbol-internacional\/edwin-cardona-acusado-amenazar-cuchillo-a-dos-mujeres\/2018\/01","title":{"rendered":"Edwin Cardona es acusado de amenazar con cuchillo a dos mujeres"},"content":{"rendered":"<p>El mediocampista colombiano, <strong>Edwin Cardona<\/strong>, se ha visto implicado en un esc\u00e1ndalo en <strong>Argentina<\/strong>, pues segu\u00fan el exjugador de <strong>Rayados<\/strong> ha sido acusado de haber amenzado con un cuchillo a dos mujeres mientras estaba bajo el efecto de las drogas y el alcohol.<\/p>\n<p>A unas cuantas horas de que esta versi\u00f3n sali\u00f3 a la luz, Cardona expuso su postura en la que se dice muy afectado por esta \u201cfalsedad\u201d, en especial pensando en sus hijas.<\/p>\n<p>\u201cIndignado porque se est\u00e1n metiendo en la vida personal del jugador, como cuando no haces cosas como las que est\u00e1n poniendo, uno como jugador, como persona y m\u00e1s como padre de familia, le duele much\u00edsimo porque tengo tres hermosos hijos y una esposa, ahorita estoy en conflicto con ella por algo que no sucedi\u00f3.<\/p>\n<p style=\"text-align: center;\"><span style=\"color: #3366ff;\"><a href=\"https:\/\/www.futboltotal.com.mx\/futbol-internacional\/ronaldinho-dira-adios-al-futbol-forma-oficial\/2018\/01\">VER M\u00c1S: Ronaldinho dir\u00e1 adi\u00f3s al futbol de forma oficial<\/a><\/span><\/p>\n<p>\u201cTengo una ni\u00f1a de 14 a\u00f1os, tengo una hija de 7 a\u00f1os y con qu\u00e9 cara les puedo decir lo que sali\u00f3 de su padre, en ning\u00fan momento hice eso que est\u00e1 trascendiendo\u201d, coment\u00f3 el futbolista colombiano en entrevista de radio con el periodista <strong>Fernando Niembro<\/strong>.<\/p>\n<p>El colombiano neg\u00f3 rotundamente los hechos, estar involucrado en drogas o haber amenazado con un arma blanca a alguna mujer: \u201cGracias a Dios en mi vida nunca he tirado drogas, nunca he cogido un arma, un cuchillo y nada de eso y menos hacer eso contra una mujer, porque la verdad para m\u00ed la mujer es de lo m\u00e1s valioso, porque tengo mi madre, tengo mis hijas\u201d.<\/p>\n<p>&nbsp;<\/p>\n<p>Hasta el momento, la directiva de <strong>Boca Juniors<\/strong> no se ha pronunciado al respecto y tanto Cardona como Wilmar esperan aclarar su situaci\u00f3n ante la justicia.<\/p>\n","protected":false},"excerpt":{"rendered":"<p>El colombiano ya sali\u00f3 a aclarar la situaci\u00f3n.<\/p>\n","protected":false},"author":129,"featured_media":505213,"comment_status":"closed","ping_status":"closed","sticky":false,"template":"","format":"standard","meta":[],"categories":[3839],"tags":[1683,6133,6214],"_links":{"self":[{"href":"http:\/\/desarrollo.grupomedios.com\/futbol\/wp-json\/wp\/v2\/posts\/514797"}],"collection":[{"href":"http:\/\/desarrollo.grupomedios.com\/futbol\/wp-json\/wp\/v2\/posts"}],"about":[{"href":"http:\/\/desarrollo.grupomedios.com\/futbol\/wp-json\/wp\/v2\/types\/post"}],"author":[{"embeddable":true,"href":"http:\/\/desarrollo.grupomedios.com\/futbol\/wp-json\/wp\/v2\/users\/129"}],"replies":[{"embeddable":true,"href":"http:\/\/desarrollo.grupomedios.com\/futbol\/wp-json\/wp\/v2\/comments?post=514797"}],"version-history":[{"count":2,"href":"http:\/\/desarrollo.grupomedios.com\/futbol\/wp-json\/wp\/v2\/posts\/514797\/revisions"}],"predecessor-version":[{"id":514823,"href":"http:\/\/desarrollo.grupomedios.com\/futbol\/wp-json\/wp\/v2\/posts\/514797\/revisions\/514823"}],"wp:featuredmedia":[{"embeddable":true,"href":"http:\/\/desarrollo.grupomedios.com\/futbol\/wp-json\/wp\/v2\/media\/505213"}],"wp:attachment":[{"href":"http:\/\/desarrollo.grupomedios.com\/futbol\/wp-json\/wp\/v2\/media?parent=514797"}],"wp:term":[{"taxonomy":"category","embeddable":true,"href":"http:\/\/desarrollo.grupomedios.com\/futbol\/wp-json\/wp\/v2\/categories?post=514797"},{"taxonomy":"post_tag","embeddable":true,"href":"http:\/\/desarrollo.grupomedios.com\/futbol\/wp-json\/wp\/v2\/tags?post=514797"}],"curies":[{"name":"wp","href":"https:\/\/api.w.org\/{rel}","templated":true}]}}