{"id":514799,"date":"2018-01-16T17:53:00","date_gmt":"2018-01-16T23:53:00","guid":{"rendered":"https:\/\/www.futboltotal.com.mx\/?p=514799"},"modified":"2018-01-16T17:53:00","modified_gmt":"2018-01-16T23:53:00","slug":"en-chivas-saben-se-puede-ganar-sea","status":"publish","type":"post","link":"http:\/\/desarrollo.grupomedios.com\/futbol\/futbol-mexicano\/en-chivas-saben-se-puede-ganar-sea\/2018\/01","title":{"rendered":"En Chivas saben que no se puede ganar como sea"},"content":{"rendered":"<p>Las <strong>Chivas de Guadalajara<\/strong>, decimoquinto en el Clausura mexicano, es equipo grande, que gusta del buen trato de bal\u00f3n y no trabaja para ganar como sea, dijo hoy el defensa <strong>Edwin Hern\u00e1ndez<\/strong>.<\/p>\n<p>Con apenas un punto de seis posibles producto de un empate 1-1 ante el <strong>Toluca<\/strong> en la primera jornada, y un rev\u00e9s en la segunda en casa 1-3 ante el <strong>Cruz Azul<\/strong>, el Guadalajara buscar\u00e1 en la tercera un triunfo ante el Necaxa, al que visitar\u00e1 el s\u00e1bado, para no perder la tranquilidad.<\/p>\n<p><mark>&#8220;Guadalajara siempre ha salido a ganar y por eso es protagonista, pero ahora no podemos pensar en que tenemos que salir a ganar como sea, porque ese no es nuestro estilo&#8221;<\/mark>, explic\u00f3 Hern\u00e1ndez en rueda de prensa.<\/p>\n<p style=\"text-align: center;\"><span style=\"color: #333399;\"><a href=\"https:\/\/www.futboltotal.com.mx\/futbol-mexicano\/atlas-pierde-a-jugador-se-va-a-sudamerica\/2018\/01\">VER M\u00c1S:\u00a0<span class=\"item-title\">Atlas pierde a otro jugador que se va a Sudam\u00e9rica<\/span><\/a><\/span><\/p>\n<p style=\"text-align: left;\"><span style=\"color: #333399;\"><\/span>&#8220;Este equipo se ha identificado por el buen trato con el bal\u00f3n y por la intensidad con la que juega y as\u00ed vamos a seguir, vamos a tratar de sumar y ganar como sabemos, jugando bien al futbol&#8221;, a\u00f1adi\u00f3.<\/p>\n<p>Consider\u00f3 que lo importante es seguir trabajando en el proceso que lidera el t\u00e9cnico, el argentino <strong>Mat\u00edas Almeyda<\/strong>, y &#8220;tener como identidad jugar bien al f\u00fatbol y tarde o temprano regresaremos al triunfo&#8221;.<\/p>\n<p>Hern\u00e1ndez brome\u00f3 cuando se le pregunt\u00f3 con qu\u00e9 jugador reforzar\u00eda la defensa y dijo que estar\u00eda seguro con el espa\u00f1ol Sergio Ramos en la zaga y posteriormente dijo que conf\u00eda en todos sus compa\u00f1eros defensas, entre ellos el veterano <strong>Carlos Salcido<\/strong> y el experimentado <strong>Jair Pereira<\/strong>.<\/p>\n<p><em>INFORMACI\u00d3N: EFE<\/em><\/p>\n","protected":false},"excerpt":{"rendered":"<p>Los rojiblancos no han podido sumar una victoria en sus primeros dos juegos de Liga<\/p>\n","protected":false},"author":160,"featured_media":514800,"comment_status":"closed","ping_status":"closed","sticky":false,"template":"","format":"standard","meta":[],"categories":[2198,3845],"tags":[70,1420],"_links":{"self":[{"href":"http:\/\/desarrollo.grupomedios.com\/futbol\/wp-json\/wp\/v2\/posts\/514799"}],"collection":[{"href":"http:\/\/desarrollo.grupomedios.com\/futbol\/wp-json\/wp\/v2\/posts"}],"about":[{"href":"http:\/\/desarrollo.grupomedios.com\/futbol\/wp-json\/wp\/v2\/types\/post"}],"author":[{"embeddable":true,"href":"http:\/\/desarrollo.grupomedios.com\/futbol\/wp-json\/wp\/v2\/users\/160"}],"replies":[{"embeddable":true,"href":"http:\/\/desarrollo.grupomedios.com\/futbol\/wp-json\/wp\/v2\/comments?post=514799"}],"version-history":[{"count":1,"href":"http:\/\/desarrollo.grupomedios.com\/futbol\/wp-json\/wp\/v2\/posts\/514799\/revisions"}],"predecessor-version":[{"id":514801,"href":"http:\/\/desarrollo.grupomedios.com\/futbol\/wp-json\/wp\/v2\/posts\/514799\/revisions\/514801"}],"wp:featuredmedia":[{"embeddable":true,"href":"http:\/\/desarrollo.grupomedios.com\/futbol\/wp-json\/wp\/v2\/media\/514800"}],"wp:attachment":[{"href":"http:\/\/desarrollo.grupomedios.com\/futbol\/wp-json\/wp\/v2\/media?parent=514799"}],"wp:term":[{"taxonomy":"category","embeddable":true,"href":"http:\/\/desarrollo.grupomedios.com\/futbol\/wp-json\/wp\/v2\/categories?post=514799"},{"taxonomy":"post_tag","embeddable":true,"href":"http:\/\/desarrollo.grupomedios.com\/futbol\/wp-json\/wp\/v2\/tags?post=514799"}],"curies":[{"name":"wp","href":"https:\/\/api.w.org\/{rel}","templated":true}]}}