{"id":514802,"date":"2018-01-16T18:24:56","date_gmt":"2018-01-17T00:24:56","guid":{"rendered":"https:\/\/www.futboltotal.com.mx\/?p=514802"},"modified":"2018-01-16T18:24:56","modified_gmt":"2018-01-17T00:24:56","slug":"angel-reyna-quiere-considerado-rusia-2018","status":"publish","type":"post","link":"http:\/\/desarrollo.grupomedios.com\/futbol\/futbol-mexicano\/angel-reyna-quiere-considerado-rusia-2018\/2018\/01","title":{"rendered":"\u00c1ngel Reyna quiere ser considerado para Rusia 2018"},"content":{"rendered":"<p>El mexicano <strong>\u00c1ngel Reyna<\/strong>, quien regres\u00f3 a la <strong>Primera Divisi\u00f3n del f\u00fatbol mexicano<\/strong> con el <strong>Toluca<\/strong> tras pasar por la <strong>Liga de Ascenso<\/strong>, espera cumplir buenas actuaciones para &#8220;llenarle el ojo&#8221; al colombiano <strong>Juan Carlos Osorio<\/strong>, pelear por un puesto en el <strong>Tricolor<\/strong> y viajar a la <strong>Copa del Mundo Rusia 2018<\/strong>.<\/p>\n<p>Reyna, de 33 a\u00f1os, intentar\u00e1 mostrar con su nuevo equipo el f\u00fatbol que hace algunos a\u00f1os lo llev\u00f3 a jugar con <strong>M\u00e9xico<\/strong> la <strong>Copa Oro 2011<\/strong> y la <strong>Copa Confederaciones Brasil 2013<\/strong>.<\/p>\n<p>&#8220;Siempre trato de hacer lo mejor que est\u00e1 en m\u00ed y para llenarle el ojo a (Juan Carlos) Osorio habr\u00e1 que hacer las cosas de maravilla, as\u00ed lo vamos a hacer y lo vamos trabajar&#8221;, dijo Reyna en conferencia de prensa.<\/p>\n<p style=\"text-align: center;\"><span style=\"color: #3366ff;\"><a href=\"https:\/\/www.futboltotal.com.mx\/futbol-mexicano\/liga-mx\/actores-the-avengers-presumen-bufanda-tigres\/2018\/01\">VER M\u00c1S: Actores de The Avengers presumen bufanda de Tigres<\/a><\/span><\/p>\n<p>&#8220;(Osorio) es un t\u00e9cnico muy estudioso, muy inteligente, entonces creo que le podemos aportar muy buenas cosas a la selecci\u00f3n como la experiencia y el dinamismo y la chispa que se requiere en media cancha para poder estar de nueva cuenta en el <strong>Tri<\/strong>&#8220;, a\u00f1adi\u00f3.<\/p>\n<p>Reyna, quien jugar\u00e1 para el noveno equipo en su carrera, la cual inici\u00f3 en 2004 con el <strong>Am\u00e9rica<\/strong>, fue se\u00f1alado hace algunos a\u00f1os como un jugador con el potencial y el talento para ser de los mejores en el f\u00fatbol mexicano, pero su falta de disciplina y compromiso se lo impidieron aunque en el Toluca creen que otra vez lo puede mostrar.<\/p>\n<p>Esos antecedentes ayudaron para que Reyna se adue\u00f1ara la camiseta con el n\u00famero &#8220;10&#8221; del <strong>Toluca<\/strong> que en el pasado reciente portaron el brasile\u00f1o <strong>Antonio Naelson <em>Sinha<\/em><\/strong>\u00a0y el chileno <strong>Fabi\u00e1n Estay<\/strong>.<\/p>\n<p style=\"text-align: center;\"><a href=\"https:\/\/www.futboltotal.com.mx\/futbol-mexicano\/liga-mx\/atlas-pierde-a-jugador-se-va-a-sudamerica\/2018\/01\">VER M\u00c1S: Atlas pierde a otro jugador que se va a Sudam\u00e9rica<\/a><\/p>\n<p>&#8220;Es una emoci\u00f3n portar el 10 en cualquier equipo y por ac\u00e1 han pasado figuras, campeones, quienes han dejado un legado&#8221;, apunt\u00f3.<\/p>\n<p>Se\u00f1al\u00f3 que Toluca &#8220;es una instituci\u00f3n grande, seria y correcta y lo ha demostrado a pesar de no tener tantos reflectores. Estoy muy contento por estar ac\u00e1 en otro &#8216;equipo grande&#8217; (tambi\u00e9n jug\u00f3 para <strong>Am\u00e9rica<\/strong> y <strong>Guadalajara<\/strong>) y habr\u00e1 que representarlo de la mejor manera&#8221;.<\/p>\n<p>El volante, quien est\u00e1 recuperado de una cirug\u00eda en la nariz, ha cumplido con su adaptaci\u00f3n al equipo y ahora hace acopio de paciencia en espera de la oportunidad de jugar en la Liga, posiblemente el viernes, cuando su equipo visite al <strong>Atlas<\/strong> en la tercera jornada del <strong>Clausura 2018<\/strong>. EFE<\/p>\n<p><img decoding=\"async\" loading=\"lazy\" class=\"alignnone size-full wp-image-513568\" src=\"https:\/\/www.futboltotal.com.mx\/wp-content\/uploads\/2018\/01\/angel-reyna-mundial-rusia-2018.jpg\" alt=\"\u00c1ngel Reyna quiere ser considerado para Rusia 2018 0\" srcset=\"http:\/\/desarrollo.grupomedios.com\/futbol\/wp-content\/uploads\/2018\/01\/angel-reyna-mundial-rusia-2018.jpg 1136w, http:\/\/desarrollo.grupomedios.com\/futbol\/wp-content\/uploads\/2018\/01\/angel-reyna-mundial-rusia-2018-300x169.jpg 300w, http:\/\/desarrollo.grupomedios.com\/futbol\/wp-content\/uploads\/2018\/01\/angel-reyna-mundial-rusia-2018-768x432.jpg 768w, http:\/\/desarrollo.grupomedios.com\/futbol\/wp-content\/uploads\/2018\/01\/angel-reyna-mundial-rusia-2018-1024x576.jpg 1024w, http:\/\/desarrollo.grupomedios.com\/futbol\/wp-content\/uploads\/2018\/01\/angel-reyna-mundial-rusia-2018-393x221.jpg 393w\" sizes=\"(max-width: 1136px) 100vw, 1136px\" \/><\/p>\n","protected":false},"excerpt":{"rendered":"<p>Reyna quiere &#8220;llenarle el ojo&#8221; a Juan Carlos Osorio.<\/p>\n","protected":false},"author":129,"featured_media":512177,"comment_status":"closed","ping_status":"closed","sticky":false,"template":"","format":"standard","meta":[],"categories":[2198,3845],"tags":[1659,6214,64,5975],"_links":{"self":[{"href":"http:\/\/desarrollo.grupomedios.com\/futbol\/wp-json\/wp\/v2\/posts\/514802"}],"collection":[{"href":"http:\/\/desarrollo.grupomedios.com\/futbol\/wp-json\/wp\/v2\/posts"}],"about":[{"href":"http:\/\/desarrollo.grupomedios.com\/futbol\/wp-json\/wp\/v2\/types\/post"}],"author":[{"embeddable":true,"href":"http:\/\/desarrollo.grupomedios.com\/futbol\/wp-json\/wp\/v2\/users\/129"}],"replies":[{"embeddable":true,"href":"http:\/\/desarrollo.grupomedios.com\/futbol\/wp-json\/wp\/v2\/comments?post=514802"}],"version-history":[{"count":1,"href":"http:\/\/desarrollo.grupomedios.com\/futbol\/wp-json\/wp\/v2\/posts\/514802\/revisions"}],"predecessor-version":[{"id":514803,"href":"http:\/\/desarrollo.grupomedios.com\/futbol\/wp-json\/wp\/v2\/posts\/514802\/revisions\/514803"}],"wp:featuredmedia":[{"embeddable":true,"href":"http:\/\/desarrollo.grupomedios.com\/futbol\/wp-json\/wp\/v2\/media\/512177"}],"wp:attachment":[{"href":"http:\/\/desarrollo.grupomedios.com\/futbol\/wp-json\/wp\/v2\/media?parent=514802"}],"wp:term":[{"taxonomy":"category","embeddable":true,"href":"http:\/\/desarrollo.grupomedios.com\/futbol\/wp-json\/wp\/v2\/categories?post=514802"},{"taxonomy":"post_tag","embeddable":true,"href":"http:\/\/desarrollo.grupomedios.com\/futbol\/wp-json\/wp\/v2\/tags?post=514802"}],"curies":[{"name":"wp","href":"https:\/\/api.w.org\/{rel}","templated":true}]}}