{"id":514805,"date":"2018-01-16T19:43:22","date_gmt":"2018-01-17T01:43:22","guid":{"rendered":"https:\/\/www.futboltotal.com.mx\/?p=514805"},"modified":"2018-01-16T19:43:22","modified_gmt":"2018-01-17T01:43:22","slug":"javier-aquino-sin-preocupacion-tigres-mundial-rusia-2018","status":"publish","type":"post","link":"http:\/\/desarrollo.grupomedios.com\/futbol\/futbol-mexicano\/javier-aquino-sin-preocupacion-tigres-mundial-rusia-2018\/2018\/01","title":{"rendered":"Javier Aquino, sin preocupaci\u00f3n por Tigres y el Mundial de Rusia 2018"},"content":{"rendered":"<p>El centrocampista <strong>Javier Aquino<\/strong>, de los Tigres de la UANL del f\u00fatbol mexicano, asegur\u00f3 hoy que para su equipo lo m\u00e1s importante es llegar bien a las instancias decisivas del torneo Clausura porque en ellas se decidir\u00e1 el t\u00edtulo.<\/p>\n<p><mark>&#8220;Lo m\u00e1s importante es saber llegar bien a las instancias finales, debemos estar entre los cuatro y de ah\u00ed en adelante trabajar con nuestra experiencia&#8221;, dijo Aquino en una conferencia de prensa.<\/mark><\/p>\n<p>Tigres accedi\u00f3 a las <strong>tres \u00faltimas finales de liga<\/strong> en M\u00e9xico, de las cuales gan\u00f3 los t\u00edtulos de los torneos Apertura 2016 y 2017 y perdi\u00f3 la del Clausura 2017, lo cual mantiene al cuadro del entrenador brasile\u00f1o Ricardo &#8216;Tuca&#8217; Ferretti como el n\u00famero uno en el pa\u00eds.<\/p>\n<p style=\"text-align: center;\"><span style=\"color: #333399;\"><a href=\"https:\/\/www.futboltotal.com.mx\/futbol-internacional\/edwin-cardona-acusado-amenazar-cuchillo-a-dos-mujeres\/2018\/01\">VER M\u00c1S:\u00a0<span class=\"item-title\">Edwin Cardona es acusado de amenazar con cuchillo a dos mujeres<\/span><\/a><\/span><\/p>\n<p style=\"text-align: left;\"><span style=\"color: #333399;\"><\/span>Sin embargo, Aquino reconoci\u00f3 que por haber terminado tarde el pasado campeonato, el grupo cumpli\u00f3 <strong>una pretemporada corta<\/strong> y no est\u00e1 tan bien como lo estar\u00e1 despu\u00e9s de algunas semanas de trabajo.<\/p>\n<p>&#8220;No estamos ni cerca del nivel que podemos alcanzar y es importante sumar de a tres porque se trabaja mejor con victorias&#8221;, se\u00f1al\u00f3 al referirse al triunfo de los &#8216;felinos&#8217;, 2-1 sobre el <strong>Santos Laguna<\/strong>, el pasado s\u00e1bado en la segunda jornada del Clausura.<\/p>\n<p>Seg\u00fan el volante, con experiencia en la liga espa\u00f1ola con el <strong>Villarreal y el Rayo Vallecano<\/strong>, Tigres tratar\u00e1 de demostrar en el presente campeonato que es el defensor del t\u00edtulo y para eso los jugadores buscar\u00e1n llegar pronto a su mejor nivel.<\/p>\n<p style=\"text-align: center;\"><span style=\"color: #333399;\"><a href=\"https:\/\/www.futboltotal.com.mx\/futbol-mexicano\/en-chivas-saben-se-puede-ganar-sea\/2018\/01\">VER M\u00c1S:\u00a0<span class=\"item-title\">En Chivas saben que no se puede ganar como sea<\/span><\/a><\/span><\/p>\n<p style=\"text-align: left;\"><span style=\"color: #333399;\"><\/span>&#8220;Somos el campe\u00f3n y esa jerarqu\u00eda no la podemos tirar a la basura, el Tuca no te deja relajarte&#8221;, dijo.<\/p>\n<p>Aquino ha sido un fijo en la selecci\u00f3n mexicana, campe\u00f3n ol\u00edmpico en Londres 2012, titular en el Mundial de Brasil 2014 y campe\u00f3n de la Copa Oro 2015. Al referirse al equipo nacional, reconoci\u00f3 que este torneo Clausura es especial para \u00e9l porque, adem\u00e1s de ayudar a su equipo, conf\u00eda en mostrar buen nivel y jugar el <strong>Mundial de Rusia<\/strong>.<\/p>\n<p><mark>&#8220;Para m\u00ed, en lo personal, es un torneo que me puede dar la posibilidad de ir al Mundial y eso no se da todos los d\u00edas; con el equipo aspiramos a ser campeones otra vez&#8221;, concluy\u00f3.<\/mark><\/p>\n<p>Los felinos visitan al Quer\u00e9taro, el s\u00e1bado, en la tercera jornada del <strong>Clausura 2018<\/strong>.<\/p>\n<p><em>INFORMACI\u00d3N: EFE<\/em><\/p>\n","protected":false},"excerpt":{"rendered":"<p>El mediocampista de los Tigres no se preocupa por la v\u00edspera de la Copa del Mundo<\/p>\n","protected":false},"author":160,"featured_media":514806,"comment_status":"closed","ping_status":"closed","sticky":false,"template":"","format":"standard","meta":[],"categories":[2198,3845],"tags":[125,65,133,5973],"_links":{"self":[{"href":"http:\/\/desarrollo.grupomedios.com\/futbol\/wp-json\/wp\/v2\/posts\/514805"}],"collection":[{"href":"http:\/\/desarrollo.grupomedios.com\/futbol\/wp-json\/wp\/v2\/posts"}],"about":[{"href":"http:\/\/desarrollo.grupomedios.com\/futbol\/wp-json\/wp\/v2\/types\/post"}],"author":[{"embeddable":true,"href":"http:\/\/desarrollo.grupomedios.com\/futbol\/wp-json\/wp\/v2\/users\/160"}],"replies":[{"embeddable":true,"href":"http:\/\/desarrollo.grupomedios.com\/futbol\/wp-json\/wp\/v2\/comments?post=514805"}],"version-history":[{"count":2,"href":"http:\/\/desarrollo.grupomedios.com\/futbol\/wp-json\/wp\/v2\/posts\/514805\/revisions"}],"predecessor-version":[{"id":514822,"href":"http:\/\/desarrollo.grupomedios.com\/futbol\/wp-json\/wp\/v2\/posts\/514805\/revisions\/514822"}],"wp:featuredmedia":[{"embeddable":true,"href":"http:\/\/desarrollo.grupomedios.com\/futbol\/wp-json\/wp\/v2\/media\/514806"}],"wp:attachment":[{"href":"http:\/\/desarrollo.grupomedios.com\/futbol\/wp-json\/wp\/v2\/media?parent=514805"}],"wp:term":[{"taxonomy":"category","embeddable":true,"href":"http:\/\/desarrollo.grupomedios.com\/futbol\/wp-json\/wp\/v2\/categories?post=514805"},{"taxonomy":"post_tag","embeddable":true,"href":"http:\/\/desarrollo.grupomedios.com\/futbol\/wp-json\/wp\/v2\/tags?post=514805"}],"curies":[{"name":"wp","href":"https:\/\/api.w.org\/{rel}","templated":true}]}}