{"id":514815,"date":"2018-01-17T08:40:18","date_gmt":"2018-01-17T14:40:18","guid":{"rendered":"https:\/\/www.futboltotal.com.mx\/?p=514815"},"modified":"2018-01-17T08:40:18","modified_gmt":"2018-01-17T14:40:18","slug":"futbolista-del-necaxa-se-marcha-a-europa","status":"publish","type":"post","link":"http:\/\/desarrollo.grupomedios.com\/futbol\/futbol-mexicano\/futbolista-del-necaxa-se-marcha-a-europa\/2018\/01","title":{"rendered":"Futbolista del Necaxa se marcha a Europa"},"content":{"rendered":"<p><mark>El delantero mexicano de 28 a\u00f1os,\u00a0<\/mark><strong><mark>Othoniel Arce<\/mark>,\u00a0<\/strong>est\u00e1 muy cerca de unirse a los aztecas que est\u00e1n jugando en el Viejo Continente luego de llegar a un acuerdo con el equipo de primera divisi\u00f3n de Grecia el <strong>Lamia FC<\/strong>, por lo que dejar\u00eda la <strong>Liga MX<\/strong> para sumarse al futbol europeo luego de un largo recorrido en el futbol mexicano.<\/p>\n<p><mark>Hace d\u00edas el estratega de Necaxa,<strong>\u00a0Ignacio Ambriz,\u00a0<\/strong>confirm\u00f3 que el delantero no formar\u00eda parte del equipo<\/mark> y lo dar\u00edan de baja, desde ese momento medios locales en Aguascalientes ha comenzado a manifestar la contrataci\u00f3n del atacante en el futbol hel\u00e9nico, la que significar\u00eda su primer experiencia en Europa.<\/p>\n<p style=\"text-align: center;\"><a href=\"https:\/\/www.futboltotal.com.mx\/futbol-mexicano\/liga-mx\/10-frases-imperdibles-de-landon-donovan-en-su-presentacion\/2018\/01\">VER M\u00c1S: 10 frases imperdibles de Landon Donovan en su presentaci\u00f3n<\/a><\/p>\n<p>Por el momento no se ha hecho oficial el fichaje por parte del equipo griego, sin embargo en la p\u00e1gina de la Liga MX todav\u00eda se encuentra registrado como futbolista del Necaxa por lo que todo est\u00e1 en duda. En parte el equipo <mark>Lamia FC se encuentra en\u00a0d\u00e9cimotercer lugar de la tabla en la Super Liga Griega.<\/mark><\/p>\n<p>El futbolista tiene un amplio recorrido en el futbol mexicano pero jam\u00e1s logr\u00f3 consolidarse; <mark>San Luis, Monterrey, Le\u00f3n, Pachuca, Monterrey, Quer\u00e9taro, Lobos BUAP, Atl\u00e9tico San Luis, Cimarrones FC y Necaxa<\/mark> han sido sus equipos.<\/p>\n<p style=\"text-align: center;\"><a href=\"https:\/\/www.futboltotal.com.mx\/futbol-mexicano\/liga-mx\/angel-reyna-quiere-considerado-rusia-2018\/2018\/01\">VER M\u00c1S: \u00c1ngel Reyna quiere ser considerado para Rusia 2018<\/a><\/p>\n<p>&nbsp;<\/p>\n","protected":false},"excerpt":{"rendered":"<p>El delantero no entr\u00f3 en planes con el equipo de los Rayos para este Clausura 2018<\/p>\n","protected":false},"author":159,"featured_media":514816,"comment_status":"closed","ping_status":"closed","sticky":false,"template":"","format":"standard","meta":[],"categories":[2198,3845],"tags":[2652,11593,64,261,1795],"_links":{"self":[{"href":"http:\/\/desarrollo.grupomedios.com\/futbol\/wp-json\/wp\/v2\/posts\/514815"}],"collection":[{"href":"http:\/\/desarrollo.grupomedios.com\/futbol\/wp-json\/wp\/v2\/posts"}],"about":[{"href":"http:\/\/desarrollo.grupomedios.com\/futbol\/wp-json\/wp\/v2\/types\/post"}],"author":[{"embeddable":true,"href":"http:\/\/desarrollo.grupomedios.com\/futbol\/wp-json\/wp\/v2\/users\/159"}],"replies":[{"embeddable":true,"href":"http:\/\/desarrollo.grupomedios.com\/futbol\/wp-json\/wp\/v2\/comments?post=514815"}],"version-history":[{"count":1,"href":"http:\/\/desarrollo.grupomedios.com\/futbol\/wp-json\/wp\/v2\/posts\/514815\/revisions"}],"predecessor-version":[{"id":514817,"href":"http:\/\/desarrollo.grupomedios.com\/futbol\/wp-json\/wp\/v2\/posts\/514815\/revisions\/514817"}],"wp:featuredmedia":[{"embeddable":true,"href":"http:\/\/desarrollo.grupomedios.com\/futbol\/wp-json\/wp\/v2\/media\/514816"}],"wp:attachment":[{"href":"http:\/\/desarrollo.grupomedios.com\/futbol\/wp-json\/wp\/v2\/media?parent=514815"}],"wp:term":[{"taxonomy":"category","embeddable":true,"href":"http:\/\/desarrollo.grupomedios.com\/futbol\/wp-json\/wp\/v2\/categories?post=514815"},{"taxonomy":"post_tag","embeddable":true,"href":"http:\/\/desarrollo.grupomedios.com\/futbol\/wp-json\/wp\/v2\/tags?post=514815"}],"curies":[{"name":"wp","href":"https:\/\/api.w.org\/{rel}","templated":true}]}}