{"id":514827,"date":"2018-01-16T15:02:08","date_gmt":"2018-01-16T21:02:08","guid":{"rendered":"https:\/\/www.futboltotal.com.mx\/?p=514827"},"modified":"2018-01-17T16:17:01","modified_gmt":"2018-01-17T22:17:01","slug":"rcd-espanyol-vs-fc-barcelona-copa-del-rey-en-vivo-minuto-a-minuto","status":"publish","type":"post","link":"http:\/\/desarrollo.grupomedios.com\/futbol\/futbol-internacional\/rcd-espanyol-vs-fc-barcelona-copa-del-rey-en-vivo-minuto-a-minuto\/2018\/01","title":{"rendered":"RCD Espanyol vs FC Barcelona | Copa del Rey | EN VIVO: Minuto a minuto"},"content":{"rendered":"<p>El\u00a0<strong><span class=\"classCadenaBusqueda\">Espanyol<\/span>\u00a0y el\u00a0<span class=\"classCadenaBusqueda\">Barcelona<\/span><\/strong>\u00a0se miden esta tarde en el<strong> RCDE Stadium a las 14:00 horas<\/strong> en la ida de los <strong>cuartos de final de la Copa del Rey<\/strong>, en un partido en el que ambos conjuntos llegan en momentos deportivos muy diferentes, pero que las emociones acaban encontrando cierto equilibrio por tratarse de un derbi.<\/p>\n<div><iframe src=\"https:\/\/en-vivo.futboltotal.com.mx\/embed.php\/?id=510\" width=\"100%\" id=\"frame_minuto\"><\/iframe><\/div>\n<p>A los espa\u00f1olistas se les presenta un reto may\u00fasculo, ya que tienen que frenar a un Bar\u00e7a embalado e imparable, que lleva <strong>29 partidos seguidos sin perder<\/strong> y pisando fuerte en todas las competiciones, especialmente en la Liga, donde son l\u00edderes invictos, con solo tres empates cedidos.<\/p>\n<p>La historia de los derbis en la Copa del Rey es claramente azulgrana, ya que en los anteriores dieciocho precedentes, el\u00a0<span class=\"classCadenaBusqueda\">Espanyol<\/span>\u00a0s\u00f3lo ha doblegado en cinco ocasiones a los azulgrana, siendo la \u00faltima en la edici\u00f3n 1960-61, en la que un doble triunfo blanquiazul (3-2 y 1-0) permiti\u00f3 al equipo perico entrar en cuartos.<\/p>\n<p>Ernesto Valverde no podr\u00e1 contar con el lesionado<strong> Ousmane Demb\u00e9l\u00e9<\/strong>, y muy probablemente dar\u00e1 descanso al capit\u00e1n, <strong>Andr\u00e9s Iniesta<\/strong>, que tras el partido contra la Real acab\u00f3 con una sobrecarga muscular. Tampoco se espera la presencia de <strong>N\u00e9lson Semedo<\/strong>, tras unos d\u00edas de baja por amigdalitis.<\/p>\n<p>Umtiti sigue de baja y queda la duda de si Valverde puede dar algunos minutos a <strong>Yerri Mina<\/strong>, el central colombiano reci\u00e9n fichado y que ha iniciado su cuenta atr\u00e1s para debutar de azulgrana.<\/p>\n<p>El t\u00e9cnico de los Periquitos, Quique S\u00e1nchez Flores, no podr\u00e1 contar con los centrocampistas <strong>Jurado, Marc Roca<\/strong> ni el central <strong>Sergio S\u00e1nchez<\/strong>. El delantero <strong>Sergio Garc\u00eda<\/strong> sigue sin entrar. Por otra parte, son altas el extremo argentino <strong>Pablo Piatti<\/strong>, recuperado de sus molestias, y los medios <strong>Javi Fuego<\/strong> y <strong>David L\u00f3pez,<\/strong> que vuelven tras sanci\u00f3n.<\/p>\n","protected":false},"excerpt":{"rendered":"<p>Los blaugranas buscar\u00e1n seguir con su extraordinario paso en la el Derbi Catal\u00e1n<\/p>\n","protected":false},"author":159,"featured_media":514828,"comment_status":"closed","ping_status":"closed","sticky":false,"template":"","format":"standard","meta":[],"categories":[3839,3844],"tags":[96,67,1083],"_links":{"self":[{"href":"http:\/\/desarrollo.grupomedios.com\/futbol\/wp-json\/wp\/v2\/posts\/514827"}],"collection":[{"href":"http:\/\/desarrollo.grupomedios.com\/futbol\/wp-json\/wp\/v2\/posts"}],"about":[{"href":"http:\/\/desarrollo.grupomedios.com\/futbol\/wp-json\/wp\/v2\/types\/post"}],"author":[{"embeddable":true,"href":"http:\/\/desarrollo.grupomedios.com\/futbol\/wp-json\/wp\/v2\/users\/159"}],"replies":[{"embeddable":true,"href":"http:\/\/desarrollo.grupomedios.com\/futbol\/wp-json\/wp\/v2\/comments?post=514827"}],"version-history":[{"count":1,"href":"http:\/\/desarrollo.grupomedios.com\/futbol\/wp-json\/wp\/v2\/posts\/514827\/revisions"}],"predecessor-version":[{"id":514829,"href":"http:\/\/desarrollo.grupomedios.com\/futbol\/wp-json\/wp\/v2\/posts\/514827\/revisions\/514829"}],"wp:featuredmedia":[{"embeddable":true,"href":"http:\/\/desarrollo.grupomedios.com\/futbol\/wp-json\/wp\/v2\/media\/514828"}],"wp:attachment":[{"href":"http:\/\/desarrollo.grupomedios.com\/futbol\/wp-json\/wp\/v2\/media?parent=514827"}],"wp:term":[{"taxonomy":"category","embeddable":true,"href":"http:\/\/desarrollo.grupomedios.com\/futbol\/wp-json\/wp\/v2\/categories?post=514827"},{"taxonomy":"post_tag","embeddable":true,"href":"http:\/\/desarrollo.grupomedios.com\/futbol\/wp-json\/wp\/v2\/tags?post=514827"}],"curies":[{"name":"wp","href":"https:\/\/api.w.org\/{rel}","templated":true}]}}