{"id":514830,"date":"2018-01-17T10:59:04","date_gmt":"2018-01-17T16:59:04","guid":{"rendered":"https:\/\/www.futboltotal.com.mx\/?p=514830"},"modified":"2018-01-17T10:59:04","modified_gmt":"2018-01-17T16:59:04","slug":"amague-dimitri-payet-lesiono-la-rodilla-portero","status":"publish","type":"post","link":"http:\/\/desarrollo.grupomedios.com\/futbol\/futbol-internacional\/amague-dimitri-payet-lesiono-la-rodilla-portero\/2018\/01","title":{"rendered":"El amague de Payet que lesion\u00f3 la rodilla de un portero"},"content":{"rendered":"<p>Em el futbol se habla mucho de las fintas o amagues que dejan viendo mal a alg\u00fan defensa o portero, pues en esta ocasi\u00f3n\u00a0<strong>Dimitri Payet,<\/strong> futbolista franc\u00e9s que milita en el\u00a0<b>Olympique de Marseille<\/b>, hizo una finta que termin\u00f3 por lesionar al guardameta\u00a0<b>Alexandre Oukidja\u00a0<\/b>del Estrasburgo durante un partido de la <strong>Ligue 1<\/strong>.<\/p>\n<p>El delantero, quien fuera una figura importante de la <strong>Selecci\u00f3n de Francia,<\/strong> realiz\u00f3 una finta espectacular al portero cuando lo encar\u00f3 en un mano a mano y el portero que intent\u00f3 reaccionar termin\u00f3 por lesionarse de la rodilla y tuvo que salir en sustituci\u00f3n luego de la jugada en la que cay\u00f3 el gol en contra de su equipo.<\/p>\n<p style=\"text-align: center;\"><a href=\"https:\/\/www.futboltotal.com.mx\/futbol-mexicano\/liga-mx\/prefiero-a-donovan-a-traigan-a-mediocre-hugo-sanchez\/2018\/01\">VER M\u00c1S: Prefiero a Donovan a que traigan a un mediocre: Hugo S\u00e1nchez<\/a><\/p>\n<p>La jugada de Payet puso el marcador de 2-0 a favor de su equipo y con esto lograron llegar a la segunda posici\u00f3n en la clasificaci\u00f3n con 44 puntos, a nueve del actual l\u00edder, el <strong>Paris Saint-Germain<\/strong>. Pero la jugada que realiz\u00f3 el franc\u00e9s termin\u00f3 por ser algo ins\u00f3lito y que quedar\u00e1 en la memoria de los aficionados.<\/p>\n<blockquote class=\"twitter-video\" data-lang=\"es\">\n<p dir=\"ltr\" lang=\"es\">Dimitri Payet quebr\u00f3 tan fuerte al portero que este \u00faltimo se lesion\u00f3. &#x1f633;&#x1f631;<br \/>\n<a href=\"https:\/\/t.co\/xp8kEuH7Ym\">pic.twitter.com\/xp8kEuH7Ym<\/a><\/p>\n<p>\u2014 Portal F\u00fatbol (@PortalFutboI) <a href=\"https:\/\/twitter.com\/PortalFutboI\/status\/953406239538663424?ref_src=twsrc%5Etfw\">16 de enero de 2018<\/a><\/p><\/blockquote>\n<p><script async src=\"https:\/\/platform.twitter.com\/widgets.js\" charset=\"utf-8\"><\/script><\/p>\n<p style=\"text-align: center;\"><a href=\"https:\/\/www.futboltotal.com.mx\/futbol-internacional\/liga-de-espana\/james-rodriguez-hablo-del-real-madrid-se-guardo-nada\/2018\/01\">VER M\u00c1S: James Rodr\u00edguez habl\u00f3 del Real Madrid y no se guard\u00f3 nada<\/a><\/p>\n","protected":false},"excerpt":{"rendered":"<p>El atacante franc\u00e9s termin\u00f3 realizando una gran maniobra que dej\u00f3 en mal estado al guardameta<\/p>\n","protected":false},"author":159,"featured_media":514831,"comment_status":"closed","ping_status":"closed","sticky":false,"template":"","format":"standard","meta":[],"categories":[3839,9609],"tags":[3067,408,7469],"_links":{"self":[{"href":"http:\/\/desarrollo.grupomedios.com\/futbol\/wp-json\/wp\/v2\/posts\/514830"}],"collection":[{"href":"http:\/\/desarrollo.grupomedios.com\/futbol\/wp-json\/wp\/v2\/posts"}],"about":[{"href":"http:\/\/desarrollo.grupomedios.com\/futbol\/wp-json\/wp\/v2\/types\/post"}],"author":[{"embeddable":true,"href":"http:\/\/desarrollo.grupomedios.com\/futbol\/wp-json\/wp\/v2\/users\/159"}],"replies":[{"embeddable":true,"href":"http:\/\/desarrollo.grupomedios.com\/futbol\/wp-json\/wp\/v2\/comments?post=514830"}],"version-history":[{"count":1,"href":"http:\/\/desarrollo.grupomedios.com\/futbol\/wp-json\/wp\/v2\/posts\/514830\/revisions"}],"predecessor-version":[{"id":514832,"href":"http:\/\/desarrollo.grupomedios.com\/futbol\/wp-json\/wp\/v2\/posts\/514830\/revisions\/514832"}],"wp:featuredmedia":[{"embeddable":true,"href":"http:\/\/desarrollo.grupomedios.com\/futbol\/wp-json\/wp\/v2\/media\/514831"}],"wp:attachment":[{"href":"http:\/\/desarrollo.grupomedios.com\/futbol\/wp-json\/wp\/v2\/media?parent=514830"}],"wp:term":[{"taxonomy":"category","embeddable":true,"href":"http:\/\/desarrollo.grupomedios.com\/futbol\/wp-json\/wp\/v2\/categories?post=514830"},{"taxonomy":"post_tag","embeddable":true,"href":"http:\/\/desarrollo.grupomedios.com\/futbol\/wp-json\/wp\/v2\/tags?post=514830"}],"curies":[{"name":"wp","href":"https:\/\/api.w.org\/{rel}","templated":true}]}}