{"id":514833,"date":"2018-01-17T11:51:35","date_gmt":"2018-01-17T17:51:35","guid":{"rendered":"https:\/\/www.futboltotal.com.mx\/?p=514833"},"modified":"2018-01-17T13:42:26","modified_gmt":"2018-01-17T19:42:26","slug":"lionel-messi-le-dedica-emotivas-palabras-a-ronaldinho","status":"publish","type":"post","link":"http:\/\/desarrollo.grupomedios.com\/futbol\/futbol-internacional\/lionel-messi-le-dedica-emotivas-palabras-a-ronaldinho\/2018\/01","title":{"rendered":"Lionel Messi le dedica emotivas palabras a Ronaldinho"},"content":{"rendered":"<p>Este martes se supo que el astro brasile\u00f1o <a href=\"https:\/\/www.futboltotal.com.mx\/futbol-internacional\/ronaldinho-dira-adios-al-futbol-forma-oficial\/2018\/01\" target=\"_blank\" rel=\"noopener\"><strong>Ronaldinho<\/strong><\/a> colgar\u00eda los botines de forma oficial despu\u00e9s de la <strong>Copa del Mundo de Rusia 2018<\/strong>, varias han sido las reacciones alrededor de la despedida de uno de los futbolistas m\u00e1s importantes en la historia del balompi\u00e9 y del futbol brasile\u00f1o, ahora <strong>Lionel Messi<\/strong> le ha dedicado unas emotivas palabras a la estrella con quien compartiera la cancha en el <strong>FC Barcelona<\/strong>.<\/p>\n<p>&#8220;<mark>Como siempre dije, aprend\u00ed mucho a tu lado. Siempre te estar\u00e9 agradecido por lo f\u00e1cil que me hiciste todo cuando llegu\u00e9 al vestuario. Tuve la suerte de compartir muchas cosas con vos y me alegro much\u00edsimo porque, adem\u00e1s de un fen\u00f3meno con la pelota, sos una grand\u00edsima persona y eso es lo m\u00e1s importante. Aunque decides irte, el futbol no se olvidar\u00e1 de tu sonrisa jam\u00e1s. Todo lo mejor, Ronnie&#8221;<\/mark>, fueron las palabras que Messi le dedic\u00f3 al futbolista brasile\u00f1o.<\/p>\n<p style=\"text-align: center;\"><a href=\"https:\/\/www.futboltotal.com.mx\/futbol-mexicano\/liga-mx\/prefiero-a-donovan-a-traigan-a-mediocre-hugo-sanchez\/2018\/01\">VER M\u00c1S: Prefiero a Donovan a que traigan a un mediocre: Hugo S\u00e1nchez<\/a><\/p>\n<p>De 2003 a 2008 ambos futbolistas compartieron el terreno de juego jugando para el FC Barcelona, de hecho fue el argentino quien se qued\u00f3 con la &#8217;10&#8217;, luego que el futbolista dejara a los blaugranas para irse al AC Milan.<\/p>\n<p>&nbsp;<\/p>\n<div id=\"attachment_514835\" style=\"width: 490px\" class=\"wp-caption aligncenter\"><img aria-describedby=\"caption-attachment-514835\" decoding=\"async\" loading=\"lazy\" class=\"size-full wp-image-514835\" src=\"https:\/\/www.futboltotal.com.mx\/wp-content\/uploads\/2018\/01\/lionel-messi.jpg\" alt=\"El brasile\u00f1o se retiro del futbol mexicano\" srcset=\"http:\/\/desarrollo.grupomedios.com\/futbol\/wp-content\/uploads\/2018\/01\/lionel-messi.jpg 480w, http:\/\/desarrollo.grupomedios.com\/futbol\/wp-content\/uploads\/2018\/01\/lionel-messi-213x300.jpg 213w\" sizes=\"(max-width: 480px) 100vw, 480px\" \/><p id=\"caption-attachment-514835\" class=\"wp-caption-text\">Lionel Messi le dedic\u00f3 emotivas palabras a Ronaldinho<\/p><\/div>\n<p style=\"text-align: center;\"><a href=\"https:\/\/www.futboltotal.com.mx\/futbol-mexicano\/liga-mx\/10-frases-imperdibles-de-landon-donovan-en-su-presentacion\/2018\/01\">VER M\u00c1S: 10 frases imperdibles de Landon Donovan en su presentaci\u00f3n<\/a><\/p>\n","protected":false},"excerpt":{"rendered":"<p>El argentino se rindi\u00f3 ante el brasile\u00f1o, con quien comparti\u00f3 la cancha en el FC Barcelona<\/p>\n","protected":false},"author":159,"featured_media":514837,"comment_status":"closed","ping_status":"closed","sticky":false,"template":"","format":"standard","meta":[],"categories":[3839],"tags":[1083,6012,5997],"_links":{"self":[{"href":"http:\/\/desarrollo.grupomedios.com\/futbol\/wp-json\/wp\/v2\/posts\/514833"}],"collection":[{"href":"http:\/\/desarrollo.grupomedios.com\/futbol\/wp-json\/wp\/v2\/posts"}],"about":[{"href":"http:\/\/desarrollo.grupomedios.com\/futbol\/wp-json\/wp\/v2\/types\/post"}],"author":[{"embeddable":true,"href":"http:\/\/desarrollo.grupomedios.com\/futbol\/wp-json\/wp\/v2\/users\/159"}],"replies":[{"embeddable":true,"href":"http:\/\/desarrollo.grupomedios.com\/futbol\/wp-json\/wp\/v2\/comments?post=514833"}],"version-history":[{"count":2,"href":"http:\/\/desarrollo.grupomedios.com\/futbol\/wp-json\/wp\/v2\/posts\/514833\/revisions"}],"predecessor-version":[{"id":514850,"href":"http:\/\/desarrollo.grupomedios.com\/futbol\/wp-json\/wp\/v2\/posts\/514833\/revisions\/514850"}],"wp:featuredmedia":[{"embeddable":true,"href":"http:\/\/desarrollo.grupomedios.com\/futbol\/wp-json\/wp\/v2\/media\/514837"}],"wp:attachment":[{"href":"http:\/\/desarrollo.grupomedios.com\/futbol\/wp-json\/wp\/v2\/media?parent=514833"}],"wp:term":[{"taxonomy":"category","embeddable":true,"href":"http:\/\/desarrollo.grupomedios.com\/futbol\/wp-json\/wp\/v2\/categories?post=514833"},{"taxonomy":"post_tag","embeddable":true,"href":"http:\/\/desarrollo.grupomedios.com\/futbol\/wp-json\/wp\/v2\/tags?post=514833"}],"curies":[{"name":"wp","href":"https:\/\/api.w.org\/{rel}","templated":true}]}}