{"id":514840,"date":"2018-01-17T12:25:13","date_gmt":"2018-01-17T18:25:13","guid":{"rendered":"https:\/\/www.futboltotal.com.mx\/?p=514840"},"modified":"2018-01-17T12:25:13","modified_gmt":"2018-01-17T18:25:13","slug":"miguel-herrera-habla-del-posible-fichaje-carlos-bacca","status":"publish","type":"post","link":"http:\/\/desarrollo.grupomedios.com\/futbol\/futbol-mexicano\/miguel-herrera-habla-del-posible-fichaje-carlos-bacca\/2018\/01","title":{"rendered":"Miguel Herrera habla del posible fichaje de Carlos Bacca"},"content":{"rendered":"<p>El estratega de las<strong> \u00c1guilas del Am\u00e9rica<\/strong> estableci\u00f3 que si hay un inter\u00e9s real por el delantero colombiano del <strong>Villarreal, Carlos Bacca<\/strong>, sin embargo las negociaciones se han tornado complicadas, por lo que su llegada no parece algo factible, adem\u00e1s indic\u00f3 que la llegada del holand\u00e9s Luuk de Jong tambi\u00e9n es poco probable, a pesar que el delantero ya manifest\u00f3 su ilusi\u00f3n por llegar.<\/p>\n<p>&#8220;Se ha complicado, el jugador tiene ganas pero tiene contrato, y no est\u00e1 f\u00e1cil sacarlo. <mark>Esperemos ya en esta semana demos la noticia sobre si s\u00ed llega<\/mark>&#8220;, indic\u00f3 en declaraciones para Fox Sports sobre Luuk de Jong;\u00a0&#8220;<mark>S\u00ed (es nuestra primera opci\u00f3n), y la situaci\u00f3n del colombiano (Carlos) Bacca, que\u00a0nos llamaba la atenci\u00f3n pero que tambi\u00e9n ha sido dif\u00edcil<\/mark>&#8220;, agreg\u00f3.<\/p>\n<p style=\"text-align: center;\"><a href=\"https:\/\/www.futboltotal.com.mx\/futbol-mexicano\/liga-mx\/prefiero-a-donovan-a-traigan-a-mediocre-hugo-sanchez\/2018\/01\">VER M\u00c1S: Prefiero a Donovan a que traigan a un mediocre: Hugo S\u00e1nchez<\/a><\/p>\n<p>De igual forma se encarg\u00f3 de desmentir el posible inter\u00e9s que comenz\u00f3 a circular por redes en el que se dec\u00eda que buscaban al delantero espa\u00f1ol\u00a0<strong>Roberto Soldado<\/strong>.\u00a0&#8220;<mark>No est\u00e1 en mi plan<\/mark>, como siempre, a Am\u00e9rica siempre le cuelgan refuerzos de ese nivel, pero no&#8221;, indic\u00f3 el estratega.<\/p>\n<p>Para finalizar aclar\u00f3 que ve como poco probable que se de el debut de los refuerzos <strong>J\u00e9remy M\u00e9nez<\/strong> y <strong>Andr\u00e9s Ibarg\u00fcen<\/strong> en el partido frente a Pumas que sostendr\u00e1n\u00a0 este domingo por la fecha tres del Clausura 2018.<\/p>\n<p>&#8220;<mark>Lo veo dif\u00edcil que participen, veremos c\u00f3mo est\u00e1n en la semana<\/mark>, todav\u00eda la altura le peg\u00f3 a J\u00e9remy pero veremos c\u00f3mo se comportan de aqu\u00ed al jueves y veremos si los podemos considerar para salir a la banca&#8221;, mencion\u00f3.<\/p>\n<p style=\"text-align: center;\"><a href=\"https:\/\/www.futboltotal.com.mx\/futbol-mexicano\/liga-mx\/futbolista-del-necaxa-se-marcha-a-europa\/2018\/01\">VER M\u00c1S: Futbolista del Necaxa se marcha a Europa<\/a><\/p>\n","protected":false},"excerpt":{"rendered":"<p>El estratega habl\u00f3 sobre la posibilidad de tener un refuerzo m\u00e1s en el plantel<\/p>\n","protected":false},"author":159,"featured_media":514237,"comment_status":"closed","ping_status":"closed","sticky":false,"template":"","format":"standard","meta":[],"categories":[2198,3845],"tags":[5959,3589,64,11485,255],"_links":{"self":[{"href":"http:\/\/desarrollo.grupomedios.com\/futbol\/wp-json\/wp\/v2\/posts\/514840"}],"collection":[{"href":"http:\/\/desarrollo.grupomedios.com\/futbol\/wp-json\/wp\/v2\/posts"}],"about":[{"href":"http:\/\/desarrollo.grupomedios.com\/futbol\/wp-json\/wp\/v2\/types\/post"}],"author":[{"embeddable":true,"href":"http:\/\/desarrollo.grupomedios.com\/futbol\/wp-json\/wp\/v2\/users\/159"}],"replies":[{"embeddable":true,"href":"http:\/\/desarrollo.grupomedios.com\/futbol\/wp-json\/wp\/v2\/comments?post=514840"}],"version-history":[{"count":1,"href":"http:\/\/desarrollo.grupomedios.com\/futbol\/wp-json\/wp\/v2\/posts\/514840\/revisions"}],"predecessor-version":[{"id":514843,"href":"http:\/\/desarrollo.grupomedios.com\/futbol\/wp-json\/wp\/v2\/posts\/514840\/revisions\/514843"}],"wp:featuredmedia":[{"embeddable":true,"href":"http:\/\/desarrollo.grupomedios.com\/futbol\/wp-json\/wp\/v2\/media\/514237"}],"wp:attachment":[{"href":"http:\/\/desarrollo.grupomedios.com\/futbol\/wp-json\/wp\/v2\/media?parent=514840"}],"wp:term":[{"taxonomy":"category","embeddable":true,"href":"http:\/\/desarrollo.grupomedios.com\/futbol\/wp-json\/wp\/v2\/categories?post=514840"},{"taxonomy":"post_tag","embeddable":true,"href":"http:\/\/desarrollo.grupomedios.com\/futbol\/wp-json\/wp\/v2\/tags?post=514840"}],"curies":[{"name":"wp","href":"https:\/\/api.w.org\/{rel}","templated":true}]}}