{"id":514845,"date":"2018-01-17T13:41:09","date_gmt":"2018-01-17T19:41:09","guid":{"rendered":"https:\/\/www.futboltotal.com.mx\/?p=514845"},"modified":"2018-01-17T13:41:09","modified_gmt":"2018-01-17T19:41:09","slug":"andy-polo-deja-a-monarcas-morelia-la-mls","status":"publish","type":"post","link":"http:\/\/desarrollo.grupomedios.com\/futbol\/futbol-mexicano\/andy-polo-deja-a-monarcas-morelia-la-mls\/2018\/01","title":{"rendered":"Andy Polo deja a Monarcas Morelia por la MLS"},"content":{"rendered":"<p>El delantero peruano,<strong> Andy Polo<\/strong> dej\u00f3 de ser futbolista de<strong> Monarcas Morelia<\/strong>, al menos por seis meses, pues se ha marchado al<strong> Portland Timbres<\/strong> de la MLS, luego que no ten\u00eda los minutos deseados en la <strong>Liga MX<\/strong> y este<strong> Clausura 2018<\/strong> no ser\u00eda tomado en cuenta para ser parte clave del equipo.<\/p>\n<p style=\"text-align: center;\"><a href=\"https:\/\/www.futboltotal.com.mx\/futbol-internacional\/lionel-messi-le-dedica-emotivas-palabras-a-ronaldinho\/2018\/01\">VER M\u00c1S: Lionel Messi le dedica emotivas palabras a Ronaldinho<\/a><\/p>\n<p>\u201c<mark>En los pr\u00f3ximos d\u00edas me unir\u00e9 al club. Habl\u00e9 con Yordy Reyna (Vancouver Whitecaps) para que me d\u00e9 referencias de la\u00a0<strong><span class=\"caps\">MLS<\/span><\/strong><\/mark>\u201d, hab\u00eda declarado ya el futbolista para\u00a0Am\u00e9rica Deportes, lo que dejaba todo en espera de una confirmaci\u00f3n oficial por parte del equipo mexicano, quien hoy confirm\u00f3 el pr\u00e9stamo por seis meses con el club de Estados Unidos.<\/p>\n<blockquote class=\"twitter-tweet\" data-lang=\"es\">\n<p dir=\"ltr\" lang=\"es\"><a href=\"https:\/\/twitter.com\/hashtag\/TransferenciasCL2018?src=hash&amp;ref_src=twsrc%5Etfw\">#TransferenciasCL2018<\/a><br \/>\nInformamos que Andy Polo pasa a <a href=\"https:\/\/twitter.com\/TimbersFC?ref_src=twsrc%5Etfw\">@TimbersFC<\/a> a pr\u00e9stamo, \u00a1\u00c9xito en esta nueva etapa! <a href=\"https:\/\/t.co\/egfwicCVBT\">pic.twitter.com\/egfwicCVBT<\/a><\/p>\n<p>\u2014 Monarcas Morelia (@FuerzaMonarca) <a href=\"https:\/\/twitter.com\/FuerzaMonarca\/status\/953674354365288448?ref_src=twsrc%5Etfw\">17 de enero de 2018<\/a><\/p><\/blockquote>\n<p><script async src=\"https:\/\/platform.twitter.com\/widgets.js\" charset=\"utf-8\"><\/script><\/p>\n<p>Por su parte, el entrenador de Monarcas,\u00a0Roberto Hern\u00e1ndez, hab\u00eda indicado que el futbolista no continuar\u00eda en el club, pues estaban analizando la propuesta.\u00a0\u201c<mark><strong>Andy Polo<\/strong>\u00a0ya fue transferido, por el momento no llegar\u00e1 nadie m\u00e1s al plantel<\/mark>\u201d.<\/p>\n<p style=\"text-align: center;\"><a href=\"https:\/\/www.futboltotal.com.mx\/futbol-internacional\/liga-de-francia-futbol-internacional\/amague-dimitri-payet-lesiono-la-rodilla-portero\/2018\/01\">VER M\u00c1S: El amague de Payet que lesion\u00f3 la rodilla de un portero<\/a><\/p>\n","protected":false},"excerpt":{"rendered":"<p>El jugador peruano no ten\u00eda continuidad con el cuadro michoacano<\/p>\n","protected":false},"author":159,"featured_media":514847,"comment_status":"closed","ping_status":"closed","sticky":false,"template":"","format":"standard","meta":[],"categories":[2198,3845],"tags":[11558,64,195,784],"_links":{"self":[{"href":"http:\/\/desarrollo.grupomedios.com\/futbol\/wp-json\/wp\/v2\/posts\/514845"}],"collection":[{"href":"http:\/\/desarrollo.grupomedios.com\/futbol\/wp-json\/wp\/v2\/posts"}],"about":[{"href":"http:\/\/desarrollo.grupomedios.com\/futbol\/wp-json\/wp\/v2\/types\/post"}],"author":[{"embeddable":true,"href":"http:\/\/desarrollo.grupomedios.com\/futbol\/wp-json\/wp\/v2\/users\/159"}],"replies":[{"embeddable":true,"href":"http:\/\/desarrollo.grupomedios.com\/futbol\/wp-json\/wp\/v2\/comments?post=514845"}],"version-history":[{"count":1,"href":"http:\/\/desarrollo.grupomedios.com\/futbol\/wp-json\/wp\/v2\/posts\/514845\/revisions"}],"predecessor-version":[{"id":514849,"href":"http:\/\/desarrollo.grupomedios.com\/futbol\/wp-json\/wp\/v2\/posts\/514845\/revisions\/514849"}],"wp:featuredmedia":[{"embeddable":true,"href":"http:\/\/desarrollo.grupomedios.com\/futbol\/wp-json\/wp\/v2\/media\/514847"}],"wp:attachment":[{"href":"http:\/\/desarrollo.grupomedios.com\/futbol\/wp-json\/wp\/v2\/media?parent=514845"}],"wp:term":[{"taxonomy":"category","embeddable":true,"href":"http:\/\/desarrollo.grupomedios.com\/futbol\/wp-json\/wp\/v2\/categories?post=514845"},{"taxonomy":"post_tag","embeddable":true,"href":"http:\/\/desarrollo.grupomedios.com\/futbol\/wp-json\/wp\/v2\/tags?post=514845"}],"curies":[{"name":"wp","href":"https:\/\/api.w.org\/{rel}","templated":true}]}}