{"id":514851,"date":"2018-01-17T14:26:52","date_gmt":"2018-01-17T20:26:52","guid":{"rendered":"https:\/\/www.futboltotal.com.mx\/?p=514851"},"modified":"2018-01-17T19:00:47","modified_gmt":"2018-01-18T01:00:47","slug":"laliga-celebro-cumpleanos-cuauhtemoc-recordando-gol-al-madrid","status":"publish","type":"post","link":"http:\/\/desarrollo.grupomedios.com\/futbol\/videos\/laliga-celebro-cumpleanos-cuauhtemoc-recordando-gol-al-madrid\/2018\/01","title":{"rendered":"LaLiga celebr\u00f3 el cumplea\u00f1os de Cuauht\u00e9moc recordando su gol al Madrid"},"content":{"rendered":"<p>Con motivo del cumplea\u00f1os n\u00famero 45 de <strong>Cuauht\u00e9moc Blanco<\/strong>, la <strong>liga de Espa\u00f1a<\/strong> record\u00f3 a trav\u00e9s de su cuenta de Twitter el gol que <strong>Cuauht\u00e9moc Blanco<\/strong> le marc\u00f3 al <strong>Real Madrid<\/strong> en la temporada 2001-02 cuando jugaba para el Valladolid.<\/p>\n<p>&nbsp;<\/p>\n<p>\u201cSu golazo de falta en el Bernab\u00e9u, siempre ser\u00e1 un orgullo para todos los mexicanos\u201d, escribi\u00f3 la cuenta oficial de <strong>La Liga<\/strong>.<\/p>\n<p>El gol del <em>Cuau<\/em> no solo es recordado porque fue al conjunto Merengue, tambi\u00e9n por que el tiro libre lo hizo con una barrera conformada por <strong>Fernando Hierro<\/strong>, <strong>Zinedine Zidane<\/strong>, <strong>Luis Figo<\/strong> y el arquero era <strong>Iker Casillas<\/strong>.<\/p>\n<p style=\"text-align: center;\"><span style=\"color: #3366ff;\"><a href=\"https:\/\/www.futboltotal.com.mx\/futbol-internacional\/liga-de-espana\/te-acuerdas-dia-bernabeu-aplaudio-a-ronaldinho\/2018\/01\">VER M\u00c1S: \u00bfTe acuerdas de\u2026El d\u00eda que el Bernab\u00e9u aplaudi\u00f3 a Ronaldinho?<\/a><\/span><\/p>\n<blockquote class=\"twitter-tweet\" data-data-dnt=\"true\">\n<p lang=\"es\" dir=\"ltr\">Su golazo de falta en el Bernab\u00e9u siempre ser\u00e1 un orgullo para todos los mexicanos&#8230; \ud83d\ude0d\ud83c\uddf2\ud83c\uddfd<\/p>\n<p>\u00a1Felicidades, <a href=\"https:\/\/twitter.com\/cuauhtemocb10?ref_src=twsrc%5Etfw\">@cuauhtemocb10<\/a>! \ud83c\udf81\ud83c\udf82 <a href=\"https:\/\/t.co\/D4wA5ziiGY\">pic.twitter.com\/D4wA5ziiGY<\/a><\/p>\n<p>&mdash; LALIGA (@LaLiga) <a href=\"https:\/\/twitter.com\/LaLiga\/status\/953686026727247872?ref_src=twsrc%5Etfw\">January 17, 2018<\/a><\/p><\/blockquote>\n<p><script async src=\"https:\/\/platform.twitter.com\/widgets.js\" charset=\"utf-8\"><\/script><\/p>\n<p>Ese partido qued\u00f3 con marcador de 2-2 y fue la \u00faltima vez que el Valladolid logr\u00f3 arrebatarle un punto a los Merengues en el Bernab\u00e9u.<\/p>\n","protected":false},"excerpt":{"rendered":"<p>El Cuau marc\u00f3 ante el conjunto Gal\u00e1ctico.<\/p>\n","protected":false},"author":129,"featured_media":514854,"comment_status":"closed","ping_status":"closed","sticky":false,"template":"","format":"standard","meta":[],"categories":[7570,3839,3844,4],"tags":[998,6214,6114,2205],"_links":{"self":[{"href":"http:\/\/desarrollo.grupomedios.com\/futbol\/wp-json\/wp\/v2\/posts\/514851"}],"collection":[{"href":"http:\/\/desarrollo.grupomedios.com\/futbol\/wp-json\/wp\/v2\/posts"}],"about":[{"href":"http:\/\/desarrollo.grupomedios.com\/futbol\/wp-json\/wp\/v2\/types\/post"}],"author":[{"embeddable":true,"href":"http:\/\/desarrollo.grupomedios.com\/futbol\/wp-json\/wp\/v2\/users\/129"}],"replies":[{"embeddable":true,"href":"http:\/\/desarrollo.grupomedios.com\/futbol\/wp-json\/wp\/v2\/comments?post=514851"}],"version-history":[{"count":1,"href":"http:\/\/desarrollo.grupomedios.com\/futbol\/wp-json\/wp\/v2\/posts\/514851\/revisions"}],"predecessor-version":[{"id":514855,"href":"http:\/\/desarrollo.grupomedios.com\/futbol\/wp-json\/wp\/v2\/posts\/514851\/revisions\/514855"}],"wp:featuredmedia":[{"embeddable":true,"href":"http:\/\/desarrollo.grupomedios.com\/futbol\/wp-json\/wp\/v2\/media\/514854"}],"wp:attachment":[{"href":"http:\/\/desarrollo.grupomedios.com\/futbol\/wp-json\/wp\/v2\/media?parent=514851"}],"wp:term":[{"taxonomy":"category","embeddable":true,"href":"http:\/\/desarrollo.grupomedios.com\/futbol\/wp-json\/wp\/v2\/categories?post=514851"},{"taxonomy":"post_tag","embeddable":true,"href":"http:\/\/desarrollo.grupomedios.com\/futbol\/wp-json\/wp\/v2\/tags?post=514851"}],"curies":[{"name":"wp","href":"https:\/\/api.w.org\/{rel}","templated":true}]}}