{"id":514859,"date":"2018-01-17T15:53:25","date_gmt":"2018-01-17T21:53:25","guid":{"rendered":"https:\/\/www.futboltotal.com.mx\/?p=514859"},"modified":"2018-01-17T15:55:17","modified_gmt":"2018-01-17T21:55:17","slug":"rcd-espanyol-1-fc-barcelona-0-copa-del-rey-2018-resumen","status":"publish","type":"post","link":"http:\/\/desarrollo.grupomedios.com\/futbol\/destacado-home\/rcd-espanyol-1-fc-barcelona-0-copa-del-rey-2018-resumen\/2018\/01","title":{"rendered":"Messi falla penal y Espanyol le quita el invicto al Barcelona"},"content":{"rendered":"<p>El <strong>Espanyol<\/strong> sorprendi\u00f3 al FC Barcelona en los \u00faltimos momentos del partido cuando y los venci\u00f3 en la ida de los Cuartos de Final de la Copa del Rey, los locales tendr\u00e1n que enfrentarse a la vuelta con la m\u00ednima ventaja, pero con el orgullo de haberle quitado el invicto a los cul\u00e9s.<\/p>\n<p>En los primeros minutos del encuentro el FC Barcelona se adue\u00f1\u00f3 del esf\u00e9rico, comandados por <strong>Lionel Messi<\/strong> quien se convirti\u00f3 en un aut\u00e9ntico dolor de cabeza para la defensa del Espanyol, pero el primero que puso a temblar el arco fue\u00a0<strong>Sergio Busquets<\/strong> con un disparo de media distancia que <strong>Diego L\u00f3pez<\/strong> alcanz\u00f3 a desviar con las manos.<\/p>\n<p>En el grueso del primer periodo los blaugranas dieron un concierto de posesi\u00f3n del esf\u00e9rico, pues jugaban cerca del arco local, mientras que los Periquitos esperaban con paciencia por una oportunidad y esta lleg\u00f3 al minuto 28 por conducto de\u00a0<strong>Gerard Moreno<\/strong> quien tuvo una buena oportunidad que pas\u00f3 desviada del arco.<\/p>\n<p style=\"text-align: center;\"><a href=\"https:\/\/www.futboltotal.com.mx\/futbol-mexicano\/liga-mx\/prefiero-a-donovan-a-traigan-a-mediocre-hugo-sanchez\/2018\/01\">VER M\u00c1S: Prefiero a Donovan a que traigan a un mediocre: Hugo S\u00e1nchez<\/a><\/p>\n<p>Al 30 el brasile\u00f1o <strong>Paulinho<\/strong> logr\u00f3 quedarse en el\u00a0 \u00e1rea y rematar pero su disparo sali\u00f3 desviado, despu\u00e9s de eso el Espanyol logr\u00f3 bajar el ritmo del encuentro e irse al descanso con el empate a cero ante un Barcelona que luc\u00eda imparable.<\/p>\n<p>En el segundo tiempo se present\u00f3 la misma t\u00f3nica, una llegada de <strong>Vermaelen<\/strong> y dos m\u00e1s de <strong>Messi<\/strong> pon\u00edan de nuevo en peligro la meta del local, pero ninguna de ellas acababa de consumarse. Posterior se dio la salida de <strong>Paulinho<\/strong> por lesi\u00f3n y al minuto 60 se present\u00f3 una falta sobre <strong>Sergi Roberto<\/strong> en el \u00e1rea y el \u00e1rbitro la sancion\u00f3 como penal; <strong>Lionel Messi<\/strong> se encarg\u00f3 de tirarlo pero Diego L\u00f3pez se lo ataj\u00f3 de un manotazo.<\/p>\n<blockquote class=\"twitter-video\" data-lang=\"es\">\n<p dir=\"ltr\" lang=\"es\">Messi falla el penal<br \/>\n0-0 <a href=\"https:\/\/t.co\/5zWY6vpZdi\">pic.twitter.com\/5zWY6vpZdi<\/a><\/p>\n<p>\u2014 Dj Emoshon Guate \u00ae (@DJemotionguate) <a href=\"https:\/\/twitter.com\/DJemotionguate\/status\/953739244505370625?ref_src=twsrc%5Etfw\">17 de enero de 2018<\/a><\/p><\/blockquote>\n<p><script async src=\"https:\/\/platform.twitter.com\/widgets.js\" charset=\"utf-8\"><\/script><\/p>\n<p>Despu\u00e9s de eso el partido se encendi\u00f3, pero no logr\u00f3 traducirse en el arco, pues ambos equipos demostraron mucha intensidad pero poca creatividad. Los cul\u00e9s se vieron en un desconcierto a pesar de la entrada de<strong> Rakitic <\/strong>y<strong> Luis Su\u00e1rez<\/strong>. Las oportunidades que tuvo el local fue por parte de<strong> Leo Baptistao<\/strong> pero<strong> Gerard Piqu\u00e9<\/strong> sac\u00f3 en urgencia y un disparo de <strong>Marc Navarro<\/strong> que\u00a0<strong>Jasper Cillessen<\/strong> sac\u00f3 a tiro de esquina.<\/p>\n<p>Pero a tres minutos del final el Espanyol se arm\u00f3 de valor y luego de una jugada extraordinaria,\u00a0<strong>\u00d3scar Melendo\u00a0<\/strong>hizo una definici\u00f3n exquisita luego de una buena jugada en conjunto y le dio la ventaja a su equipo, en el partido y la serie.<\/p>\n<blockquote class=\"twitter-video\" data-lang=\"es\">\n<p dir=\"ltr\" lang=\"es\">Cantera- 1 Cartera- 0 Golazo de <a href=\"https:\/\/twitter.com\/Oscar_melendo?ref_src=twsrc%5Etfw\">@Oscar_melendo<\/a> a pase de <a href=\"https:\/\/twitter.com\/MarcNavarro7?ref_src=twsrc%5Etfw\">@MarcNavarro7<\/a> <a href=\"https:\/\/twitter.com\/hashtag\/RCDE?src=hash&amp;ref_src=twsrc%5Etfw\">#RCDE<\/a> <a href=\"https:\/\/t.co\/spYPQNyk4j\">pic.twitter.com\/spYPQNyk4j<\/a><\/p>\n<p>\u2014 Birras Lovers RCDE (@BirrasLovers) <a href=\"https:\/\/twitter.com\/BirrasLovers\/status\/953745790790496256?ref_src=twsrc%5Etfw\">17 de enero de 2018<\/a><\/p><\/blockquote>\n<p><script async src=\"https:\/\/platform.twitter.com\/widgets.js\" charset=\"utf-8\"><\/script><\/p>\n<p style=\"text-align: center;\"><a href=\"https:\/\/www.futboltotal.com.mx\/futbol-internacional\/liga-de-espana\/te-acuerdas-dia-bernabeu-aplaudio-a-ronaldinho\/2018\/01\">VER M\u00c1S: \u00bfTe acuerdas de\u2026El d\u00eda que el Bernab\u00e9u aplaudi\u00f3 a Ronaldinho?<\/a><\/p>\n","protected":false},"excerpt":{"rendered":"<p>\u00d3scar Melendo se convirti\u00f3 en el h\u00e9roe del encuentro al anotar el gol del triunfo<\/p>\n","protected":false},"author":159,"featured_media":514861,"comment_status":"closed","ping_status":"closed","sticky":false,"template":"","format":"standard","meta":[],"categories":[5,3839,3844],"tags":[96,67,1083,6012],"_links":{"self":[{"href":"http:\/\/desarrollo.grupomedios.com\/futbol\/wp-json\/wp\/v2\/posts\/514859"}],"collection":[{"href":"http:\/\/desarrollo.grupomedios.com\/futbol\/wp-json\/wp\/v2\/posts"}],"about":[{"href":"http:\/\/desarrollo.grupomedios.com\/futbol\/wp-json\/wp\/v2\/types\/post"}],"author":[{"embeddable":true,"href":"http:\/\/desarrollo.grupomedios.com\/futbol\/wp-json\/wp\/v2\/users\/159"}],"replies":[{"embeddable":true,"href":"http:\/\/desarrollo.grupomedios.com\/futbol\/wp-json\/wp\/v2\/comments?post=514859"}],"version-history":[{"count":3,"href":"http:\/\/desarrollo.grupomedios.com\/futbol\/wp-json\/wp\/v2\/posts\/514859\/revisions"}],"predecessor-version":[{"id":514866,"href":"http:\/\/desarrollo.grupomedios.com\/futbol\/wp-json\/wp\/v2\/posts\/514859\/revisions\/514866"}],"wp:featuredmedia":[{"embeddable":true,"href":"http:\/\/desarrollo.grupomedios.com\/futbol\/wp-json\/wp\/v2\/media\/514861"}],"wp:attachment":[{"href":"http:\/\/desarrollo.grupomedios.com\/futbol\/wp-json\/wp\/v2\/media?parent=514859"}],"wp:term":[{"taxonomy":"category","embeddable":true,"href":"http:\/\/desarrollo.grupomedios.com\/futbol\/wp-json\/wp\/v2\/categories?post=514859"},{"taxonomy":"post_tag","embeddable":true,"href":"http:\/\/desarrollo.grupomedios.com\/futbol\/wp-json\/wp\/v2\/tags?post=514859"}],"curies":[{"name":"wp","href":"https:\/\/api.w.org\/{rel}","templated":true}]}}