{"id":514863,"date":"2018-01-17T16:01:19","date_gmt":"2018-01-17T22:01:19","guid":{"rendered":"https:\/\/www.futboltotal.com.mx\/?p=514863"},"modified":"2018-01-17T16:01:19","modified_gmt":"2018-01-17T22:01:19","slug":"sevilla-sorprende-al-atletico-madrid-en-la-copa-del-rey","status":"publish","type":"post","link":"http:\/\/desarrollo.grupomedios.com\/futbol\/futbol-internacional\/sevilla-sorprende-al-atletico-madrid-en-la-copa-del-rey\/2018\/01","title":{"rendered":"Sevilla sorprende al Atl\u00e9tico de Madrid en la Copa del Rey"},"content":{"rendered":"<p>Dos goles en los diez \u00faltimos minutos doblegaron al <strong>Atl\u00e9tico de Madrid<\/strong> e impulsaron al <strong>Sevilla<\/strong> en el <strong>Wanda Metropolitano<\/strong>, conquistado por el argentino Joaqu\u00edn Correa con el 1-2 en el minuto 90 en los<strong> cuartos de final de la Copa del Rey<\/strong>, a\u00fan pendientes de resoluci\u00f3n, pero con los locales contra las cuerdas.<\/p>\n<blockquote class=\"twitter-tweet\" data-width=\"500\">\n<p lang=\"es\" dir=\"ltr\">\u23f1 94&#39; | 1-2 | Final. Termina la ida de los 1\/4 de final de la <a href=\"https:\/\/twitter.com\/hashtag\/CopadelRey?src=hash&amp;ref_src=twsrc%5Etfw\">#CopadelRey<\/a> en el Wanda <a href=\"https:\/\/twitter.com\/Metropolitano?ref_src=twsrc%5Etfw\">@Metropolitano<\/a> <a href=\"https:\/\/twitter.com\/hashtag\/AtletiSevillaFC?src=hash&amp;ref_src=twsrc%5Etfw\">#AtletiSevillaFC<\/a> <a href=\"https:\/\/twitter.com\/hashtag\/A%C3%BApaAtleti?src=hash&amp;ref_src=twsrc%5Etfw\">#A\u00fapaAtleti<\/a> <a href=\"https:\/\/t.co\/q4AuEyBJaB\">pic.twitter.com\/q4AuEyBJaB<\/a><\/p>\n<p>&mdash; Atl\u00e9tico de Madrid (@Atleti) <a href=\"https:\/\/twitter.com\/Atleti\/status\/953716712674820096?ref_src=twsrc%5Etfw\">January 17, 2018<\/a><\/p><\/blockquote>\n<p><script async src=\"https:\/\/platform.twitter.com\/widgets.js\" charset=\"utf-8\"><\/script><\/p>\n<p>Es m\u00e1s que un gol de ventaja, porque la vuelta se jugar\u00e1 dentro de seis d\u00edas en el <strong>estadio Ram\u00f3n S\u00e1nchez Pizju\u00e1n<\/strong>, porque le vale incluso al equipo andaluz con una derrota por 0-1 y porque el partido pareci\u00f3 durante mucho rato del Atl\u00e9tico, incluido con el 1-0 de Diego Costa, pero termin\u00f3 en poder del Sevilla, sostenido alguna vez por <strong>Sergio Rico<\/strong> y vencedor entre la fortuna y el talento.<\/p>\n<p>A lo primero correspondi\u00f3 el empate, un centro de <strong>Jes\u00fas Navas<\/strong> que toc\u00f3 en <strong>Lucas Hern\u00e1ndez<\/strong> y se envenen\u00f3 camino de la porter\u00eda de <strong>Moy\u00e1<\/strong>, cuyo despeje lo empuj\u00f3 hacia dentro; a lo segundo pertenece el 1-2 de Joaqu\u00edn Correa, veloz en la conducci\u00f3n y decisivo en la definici\u00f3n, con el toque justo para sortear al portero rojiblanco.<\/p>\n<p>A\u00fan era s\u00f3lo el primero de los dos partidos de la eliminatoria, el martes que viene se disputa la vuelta en el S\u00e1nchez Pizju\u00e1n, pero pareci\u00f3 ya un duelo decisivo, por el ritmo, por la intensidad, por la ambici\u00f3n de los dos equipos, afilados hacia el gol, aunque a\u00fan haya mucho por jugar y por competir para avanzar a las semifinales.<\/p>\n<p>&nbsp;<\/p>\n<p><iframe loading=\"lazy\" src=\"https:\/\/www.youtube.com\/embed\/N9QSwmg8Nkc?feature=oembed\" frameborder=\"0\" allow=\"autoplay; encrypted-media\" allowfullscreen><\/iframe><\/p>\n","protected":false},"excerpt":{"rendered":"<p>Los andaluces sorprendieron a los Colchoneros.<\/p>\n","protected":false},"author":129,"featured_media":514870,"comment_status":"closed","ping_status":"closed","sticky":false,"template":"","format":"standard","meta":[],"categories":[3839],"tags":[6007,96,6214,49],"_links":{"self":[{"href":"http:\/\/desarrollo.grupomedios.com\/futbol\/wp-json\/wp\/v2\/posts\/514863"}],"collection":[{"href":"http:\/\/desarrollo.grupomedios.com\/futbol\/wp-json\/wp\/v2\/posts"}],"about":[{"href":"http:\/\/desarrollo.grupomedios.com\/futbol\/wp-json\/wp\/v2\/types\/post"}],"author":[{"embeddable":true,"href":"http:\/\/desarrollo.grupomedios.com\/futbol\/wp-json\/wp\/v2\/users\/129"}],"replies":[{"embeddable":true,"href":"http:\/\/desarrollo.grupomedios.com\/futbol\/wp-json\/wp\/v2\/comments?post=514863"}],"version-history":[{"count":1,"href":"http:\/\/desarrollo.grupomedios.com\/futbol\/wp-json\/wp\/v2\/posts\/514863\/revisions"}],"predecessor-version":[{"id":514871,"href":"http:\/\/desarrollo.grupomedios.com\/futbol\/wp-json\/wp\/v2\/posts\/514863\/revisions\/514871"}],"wp:featuredmedia":[{"embeddable":true,"href":"http:\/\/desarrollo.grupomedios.com\/futbol\/wp-json\/wp\/v2\/media\/514870"}],"wp:attachment":[{"href":"http:\/\/desarrollo.grupomedios.com\/futbol\/wp-json\/wp\/v2\/media?parent=514863"}],"wp:term":[{"taxonomy":"category","embeddable":true,"href":"http:\/\/desarrollo.grupomedios.com\/futbol\/wp-json\/wp\/v2\/categories?post=514863"},{"taxonomy":"post_tag","embeddable":true,"href":"http:\/\/desarrollo.grupomedios.com\/futbol\/wp-json\/wp\/v2\/tags?post=514863"}],"curies":[{"name":"wp","href":"https:\/\/api.w.org\/{rel}","templated":true}]}}