{"id":514868,"date":"2018-01-17T16:19:14","date_gmt":"2018-01-17T22:19:14","guid":{"rendered":"https:\/\/www.futboltotal.com.mx\/?p=514868"},"modified":"2018-01-17T16:19:14","modified_gmt":"2018-01-17T22:19:14","slug":"galatasaray-se-fija-en-futbolista-santos-laguna","status":"publish","type":"post","link":"http:\/\/desarrollo.grupomedios.com\/futbol\/futbol-mexicano\/galatasaray-se-fija-en-futbolista-santos-laguna\/2018\/01","title":{"rendered":"Galatasaray se fija en futbolista de Santos Laguna"},"content":{"rendered":"<p>El canterano de <strong>Santos Laguna<\/strong>,\u00a0<strong>Gerardo Daniel Arteaga,\u00a0<\/strong>de tan solo 19 a\u00f1os ha llamado la atenci\u00f3n, luego que ha dejado de ser una promesa y se ha convertido en una realidad en la<strong> Liga MX<\/strong>, desde el Apertura 2017 que debut\u00f3 con el primer equipo ha sumado 31 partidos y se perfila para consolidarse en este <strong>Clausura 2018.<\/strong><\/p>\n<p>Las actuaciones del lateral que admira a <strong>Roberto Carlos<\/strong> no han pasado desapercibida, de acuerdo a Marca Claro varios equipos del Viejo Continente se han interesado en el futbolista y lo tienen de forma seria en sus agendas para fichajes a futuro. <mark>El mismo <strong>FC Barcelona<\/strong> se interes\u00f3 y tante\u00f3 un fichaje con<strong> Santos Laguna<\/strong><\/mark>, pues quer\u00edan llevarlo a sus filiales para que se fogueara y de ah\u00ed poder dar el salto para el primer equipo.<\/p>\n<p style=\"text-align: center;\"><a href=\"https:\/\/www.futboltotal.com.mx\/futbol-mexicano\/liga-mx\/miguel-herrera-habla-del-posible-fichaje-carlos-bacca\/2018\/01\">VER M\u00c1S: Miguel Herrera habla del posible fichaje de Carlos Bacca<\/a><\/p>\n<p>Sin embargo, el equipo lagunero no consider\u00f3 conveniente dejar ir en ese momento al\u00a0zurdo de 64 kilos y 1,74 metros de altura en el verano pasado por el momento se sabe que el ofrecimiento fue desechado de forma rotunda, por lo que decidieron quedarse con el futbolista pero el inter\u00e9s no qued\u00f3 solo ah\u00ed.<\/p>\n<p><mark>Dos equipos grandes de Turqu\u00eda como lo son el\u00a0<strong>Galatasaray y Fenerbah\u00e7e\u00a0<\/strong>est\u00e1n en disputa por hacerse con los servicios del lateral zurdo mexicano y su inter\u00e9s va muy en serio pues se habla que ser\u00eda en el pr\u00f3ximo verano cuando ir\u00edan por \u00e9l<\/mark>, en un crecimiento fugaz del futbolista quien tiene muy poco de ser futbolista profesional.<\/p>\n<p style=\"text-align: center;\"><a href=\"https:\/\/www.futboltotal.com.mx\/futbol-internacional\/lionel-messi-le-dedica-emotivas-palabras-a-ronaldinho\/2018\/01\">VER M\u00c1S: Lionel Messi le dedica emotivas palabras a Ronaldinho<\/a><\/p>\n","protected":false},"excerpt":{"rendered":"<p>El lateral zurdo ha tenido un crecimiento impresionante dentro del futbol mexicano<\/p>\n","protected":false},"author":159,"featured_media":514876,"comment_status":"closed","ping_status":"closed","sticky":false,"template":"","format":"standard","meta":[],"categories":[2198,3845],"tags":[1083,1984,6032,11597,174],"_links":{"self":[{"href":"http:\/\/desarrollo.grupomedios.com\/futbol\/wp-json\/wp\/v2\/posts\/514868"}],"collection":[{"href":"http:\/\/desarrollo.grupomedios.com\/futbol\/wp-json\/wp\/v2\/posts"}],"about":[{"href":"http:\/\/desarrollo.grupomedios.com\/futbol\/wp-json\/wp\/v2\/types\/post"}],"author":[{"embeddable":true,"href":"http:\/\/desarrollo.grupomedios.com\/futbol\/wp-json\/wp\/v2\/users\/159"}],"replies":[{"embeddable":true,"href":"http:\/\/desarrollo.grupomedios.com\/futbol\/wp-json\/wp\/v2\/comments?post=514868"}],"version-history":[{"count":1,"href":"http:\/\/desarrollo.grupomedios.com\/futbol\/wp-json\/wp\/v2\/posts\/514868\/revisions"}],"predecessor-version":[{"id":514877,"href":"http:\/\/desarrollo.grupomedios.com\/futbol\/wp-json\/wp\/v2\/posts\/514868\/revisions\/514877"}],"wp:featuredmedia":[{"embeddable":true,"href":"http:\/\/desarrollo.grupomedios.com\/futbol\/wp-json\/wp\/v2\/media\/514876"}],"wp:attachment":[{"href":"http:\/\/desarrollo.grupomedios.com\/futbol\/wp-json\/wp\/v2\/media?parent=514868"}],"wp:term":[{"taxonomy":"category","embeddable":true,"href":"http:\/\/desarrollo.grupomedios.com\/futbol\/wp-json\/wp\/v2\/categories?post=514868"},{"taxonomy":"post_tag","embeddable":true,"href":"http:\/\/desarrollo.grupomedios.com\/futbol\/wp-json\/wp\/v2\/tags?post=514868"}],"curies":[{"name":"wp","href":"https:\/\/api.w.org\/{rel}","templated":true}]}}