{"id":514872,"date":"2018-01-17T16:12:40","date_gmt":"2018-01-17T22:12:40","guid":{"rendered":"https:\/\/www.futboltotal.com.mx\/?p=514872"},"modified":"2018-01-17T16:12:40","modified_gmt":"2018-01-17T22:12:40","slug":"america-tendra-dura-baja-duelo-contra-pumas","status":"publish","type":"post","link":"http:\/\/desarrollo.grupomedios.com\/futbol\/futbol-mexicano\/america-tendra-dura-baja-duelo-contra-pumas\/2018\/01","title":{"rendered":"Am\u00e9rica tendr\u00e1 dura baja para el duelo contra Pumas"},"content":{"rendered":"<p>Las <strong>\u00c1guilas del Am\u00e9rica<\/strong> enfrentar\u00e1n este domingo a los <strong>Pumas de la UNAM<\/strong> con una seria baja para el encuentro.<\/p>\n<p>El defensa lateral <strong>Paul Aguilar<\/strong> no se ha podido recuperar de la contractura que lo dej\u00f3 fuera en el encuentro contra los Tuzos del Pachuca y no ser\u00e1 de la partida del llamado &#8220;cl\u00e1sico capitalino&#8221;.<\/p>\n<p>El diario <em>Record<\/em> inform\u00f3 la baja del futbolista mexicano, y eso provocar\u00e1 cambios en la zaga azulcrema, donde <strong>Miguel Herrera<\/strong> har\u00e1 ajustes, tras el 2-2 con los Tuzos del Pachuca.<\/p>\n<p style=\"text-align: center;\"><span style=\"color: #333399;\"><a href=\"https:\/\/www.futboltotal.com.mx\/futbol-mexicano\/america-se-prepara-la-venta-edson-alvarez\/2018\/01\">VER M\u00c1S:\u00a0<span class=\"item-title\">Am\u00e9rica se prepara para la venta de Edson \u00c1lvarez<\/span><\/a><\/span><\/p>\n<p>Mientras que uno de los futbolistas que estar\u00eda de regreso ser\u00eda el mediocampista brasile\u00f1o <strong>William da Silva<\/strong>, aunque no se sabe si para formar parte del once inicial.<\/p>\n<p>&nbsp;<\/p>\n","protected":false},"excerpt":{"rendered":"<p>Las \u00c1guilas sufrir\u00e1n cambios para enfrentar a los universitarios<\/p>\n","protected":false},"author":160,"featured_media":514874,"comment_status":"closed","ping_status":"closed","sticky":false,"template":"","format":"standard","meta":[],"categories":[2198,3845],"tags":[5959,216,74],"_links":{"self":[{"href":"http:\/\/desarrollo.grupomedios.com\/futbol\/wp-json\/wp\/v2\/posts\/514872"}],"collection":[{"href":"http:\/\/desarrollo.grupomedios.com\/futbol\/wp-json\/wp\/v2\/posts"}],"about":[{"href":"http:\/\/desarrollo.grupomedios.com\/futbol\/wp-json\/wp\/v2\/types\/post"}],"author":[{"embeddable":true,"href":"http:\/\/desarrollo.grupomedios.com\/futbol\/wp-json\/wp\/v2\/users\/160"}],"replies":[{"embeddable":true,"href":"http:\/\/desarrollo.grupomedios.com\/futbol\/wp-json\/wp\/v2\/comments?post=514872"}],"version-history":[{"count":1,"href":"http:\/\/desarrollo.grupomedios.com\/futbol\/wp-json\/wp\/v2\/posts\/514872\/revisions"}],"predecessor-version":[{"id":514875,"href":"http:\/\/desarrollo.grupomedios.com\/futbol\/wp-json\/wp\/v2\/posts\/514872\/revisions\/514875"}],"wp:featuredmedia":[{"embeddable":true,"href":"http:\/\/desarrollo.grupomedios.com\/futbol\/wp-json\/wp\/v2\/media\/514874"}],"wp:attachment":[{"href":"http:\/\/desarrollo.grupomedios.com\/futbol\/wp-json\/wp\/v2\/media?parent=514872"}],"wp:term":[{"taxonomy":"category","embeddable":true,"href":"http:\/\/desarrollo.grupomedios.com\/futbol\/wp-json\/wp\/v2\/categories?post=514872"},{"taxonomy":"post_tag","embeddable":true,"href":"http:\/\/desarrollo.grupomedios.com\/futbol\/wp-json\/wp\/v2\/tags?post=514872"}],"curies":[{"name":"wp","href":"https:\/\/api.w.org\/{rel}","templated":true}]}}