{"id":514878,"date":"2018-01-17T16:43:50","date_gmt":"2018-01-17T22:43:50","guid":{"rendered":"https:\/\/www.futboltotal.com.mx\/?p=514878"},"modified":"2018-01-17T16:43:50","modified_gmt":"2018-01-17T22:43:50","slug":"aficionado-del-atletico-madrid-apunalado-previo-a-duelo-ante-sevilla","status":"publish","type":"post","link":"http:\/\/desarrollo.grupomedios.com\/futbol\/futbol-internacional\/aficionado-del-atletico-madrid-apunalado-previo-a-duelo-ante-sevilla\/2018\/01","title":{"rendered":"Aficionado del Atl\u00e9tico de Madrid es apu\u00f1alado previo a duelo ante Sevilla"},"content":{"rendered":"<p>Uno de los aficionados del <strong>Atl\u00e9tico de Madrid<\/strong> fue hospitalizado en estado grave tras ser apu\u00f1alado antes del inicio del partido del mi\u00e9rcoles contra el <strong>Sevilla<\/strong> por la <strong>Copa del Rey<\/strong>, informaron las autoridades.<\/p>\n<p>La polic\u00eda dijo que el hombre de 22 a\u00f1os fue agredido cerca de la estaci\u00f3n del metro aleda\u00f1a al <strong>Estadio Wanda Metropolitano<\/strong> del Atl\u00e9tico.<\/p>\n<p style=\"text-align: center;\"><span style=\"color: #3366ff;\"><a href=\"https:\/\/www.futboltotal.com.mx\/futbol-internacional\/sevilla-sorprende-al-atletico-madrid-en-la-copa-del-rey\/2018\/01\">VER M\u00c1S: Sevilla sorprende al Atl\u00e9tico de Madrid en la Copa del Rey<\/a><\/span><\/p>\n<blockquote class=\"twitter-tweet\" data-width=\"500\">\n<p lang=\"es\" dir=\"ltr\">.<a href=\"https:\/\/twitter.com\/SAMUR_PC?ref_src=twsrc%5Etfw\">@SAMUR_PC<\/a> estabiliza y traslada grave a La Paz a var\u00f3n de 22 a\u00f1os con tres heridas de arma blanca en muslo, brazo y espalda. Ha ocurrido en Avda de Niza. Ha sido atendido de inmediato por efectivos de <a href=\"https:\/\/twitter.com\/SAMUR_PC?ref_src=twsrc%5Etfw\">@SAMUR_PC<\/a> presentes en el preventivo del Wanda Metropolitano. <a href=\"https:\/\/t.co\/3KDAETZoPE\">pic.twitter.com\/3KDAETZoPE<\/a><\/p>\n<p>&mdash; Emergencias Madrid (@EmergenciasMad) <a href=\"https:\/\/twitter.com\/EmergenciasMad\/status\/953701518393466880?ref_src=twsrc%5Etfw\">January 17, 2018<\/a><\/p><\/blockquote>\n<p><script async src=\"https:\/\/platform.twitter.com\/widgets.js\" charset=\"utf-8\"><\/script><\/p>\n<p>Las autoridades indicaron que el hombre fue apu\u00f1alado en una pierna, un brazo y la espalda. No se dieron m\u00e1s detalles sobre su condici\u00f3n.<\/p>\n<p>La polic\u00eda dijo que sigue investigando, pero creen que se trata de una pelea entre hinchas del conjunto de Madrid.<\/p>\n","protected":false},"excerpt":{"rendered":"<p>El aficionado fue llevado al hospital para ser atendido.<\/p>\n","protected":false},"author":129,"featured_media":514879,"comment_status":"closed","ping_status":"closed","sticky":false,"template":"","format":"standard","meta":[],"categories":[3839],"tags":[6007,96,49],"_links":{"self":[{"href":"http:\/\/desarrollo.grupomedios.com\/futbol\/wp-json\/wp\/v2\/posts\/514878"}],"collection":[{"href":"http:\/\/desarrollo.grupomedios.com\/futbol\/wp-json\/wp\/v2\/posts"}],"about":[{"href":"http:\/\/desarrollo.grupomedios.com\/futbol\/wp-json\/wp\/v2\/types\/post"}],"author":[{"embeddable":true,"href":"http:\/\/desarrollo.grupomedios.com\/futbol\/wp-json\/wp\/v2\/users\/129"}],"replies":[{"embeddable":true,"href":"http:\/\/desarrollo.grupomedios.com\/futbol\/wp-json\/wp\/v2\/comments?post=514878"}],"version-history":[{"count":1,"href":"http:\/\/desarrollo.grupomedios.com\/futbol\/wp-json\/wp\/v2\/posts\/514878\/revisions"}],"predecessor-version":[{"id":514880,"href":"http:\/\/desarrollo.grupomedios.com\/futbol\/wp-json\/wp\/v2\/posts\/514878\/revisions\/514880"}],"wp:featuredmedia":[{"embeddable":true,"href":"http:\/\/desarrollo.grupomedios.com\/futbol\/wp-json\/wp\/v2\/media\/514879"}],"wp:attachment":[{"href":"http:\/\/desarrollo.grupomedios.com\/futbol\/wp-json\/wp\/v2\/media?parent=514878"}],"wp:term":[{"taxonomy":"category","embeddable":true,"href":"http:\/\/desarrollo.grupomedios.com\/futbol\/wp-json\/wp\/v2\/categories?post=514878"},{"taxonomy":"post_tag","embeddable":true,"href":"http:\/\/desarrollo.grupomedios.com\/futbol\/wp-json\/wp\/v2\/tags?post=514878"}],"curies":[{"name":"wp","href":"https:\/\/api.w.org\/{rel}","templated":true}]}}