{"id":514882,"date":"2018-01-17T16:55:16","date_gmt":"2018-01-17T22:55:16","guid":{"rendered":"https:\/\/www.futboltotal.com.mx\/?p=514882"},"modified":"2018-01-17T16:55:16","modified_gmt":"2018-01-17T22:55:16","slug":"tigres-doblete-bicampeonato-lucas-zelarayan","status":"publish","type":"post","link":"http:\/\/desarrollo.grupomedios.com\/futbol\/futbol-mexicano\/tigres-doblete-bicampeonato-lucas-zelarayan\/2018\/01","title":{"rendered":"Tigres tiene todo para el doblete y el bicampeonato: Lucas Zelaray\u00e1n"},"content":{"rendered":"<p>El argentino <strong>Lucas Zelaray\u00e1n<\/strong>, centrocampista creativo del <strong>Tigres<\/strong>, actual campe\u00f3n del f\u00fatbol mexicano, dijo hoy que su escuadra buscar\u00e1 el doblete ya que en el semestre disputar\u00e1 la Liga del Clausura y la <strong>Liga de Campeones de la Concacaf<\/strong>.<\/p>\n<p><mark>&#8220;No tengo duda que se puede dar (doblete), tenemos plantel para lograrlo, tenemos muchos jugadores de selecci\u00f3n, hay una competencia interna que hace crecer mucho a cada jugador y saca lo mejor de cada uno y por eso logramos el campeonato pasado&#8221;<\/mark>, dijo Zelayar\u00e1n en conferencia de prensa.<\/p>\n<p>&#8216;El Chino&#8217;, exjugador del Belgrano de su pa\u00eds, dijo que el club &#8220;tiene la exigencia de ser campe\u00f3n y ahora tambi\u00e9n tenemos la <strong>&#8216;Concachampions&#8217;<\/strong>, vamos a tratar de pelear los dos frentes y ojal\u00e1 que se nos d\u00e9 ese objetivo, pero vamos paso a paso&#8221;, agreg\u00f3.<\/p>\n<p style=\"text-align: center;\"><span style=\"color: #333399;\"><a href=\"https:\/\/www.futboltotal.com.mx\/futbol-internacional\/aficionado-del-atletico-madrid-apunalado-previo-a-duelo-ante-sevilla\/2018\/01\">VER M\u00c1S:\u00a0<span class=\"item-title\">Aficionado del Atl\u00e9tico de Madrid es apu\u00f1alado previo a duelo ante Sevilla<\/span><\/a><\/span><\/p>\n<p style=\"text-align: left;\"><span style=\"color: #333399;\"><\/span>Por otra parte, Zelaray\u00e1n, regular en la alineaci\u00f3n hace dos torneos, perdi\u00f3 protagonismo en el pasado Apertura y en el presente Clausura <strong>apenas suma 21 minutos en 2 partidos, 18 en la primera jornada y 3 en la segunda<\/strong>, pero trabaja para regresar al once titular.<\/p>\n<p>&#8220;Tigres es uno de los mejores equipos del continente, no tengo duda, y la competencia interna es alt\u00edsima, son jugadores de selecci\u00f3n y eso me obliga a estar siempre al cien y no poder decaerme o pensar en otras cosas porque pierdo el lugar&#8221;, se\u00f1al\u00f3.<\/p>\n<p>El equipo, campe\u00f3n del <strong>Apertura 2017<\/strong>, cuenta con 12 extranjeros en sus filas y 3 de ellos tienen que ir a la tribuna ya que solo 9 pueden ser tomados en cuenta seg\u00fan la regla 9\/9, la cual indica que nueve mexicanos y nueve extranjeros deben estar entre los 18 convocados para cada partido y que ha afectado a Zelaray\u00e1n.<\/p>\n<p style=\"text-align: center;\"><span style=\"color: #333399;\"><a href=\"https:\/\/www.futboltotal.com.mx\/futbol-mexicano\/galatasaray-se-fija-en-futbolista-santos-laguna\/2018\/01\">VER M\u00c1S:\u00a0<span class=\"item-title\">Galatasaray se fija en futbolista de Santos Laguna<\/span><\/a><\/span><\/p>\n<p style=\"text-align: left;\"><span style=\"color: #333399;\"><\/span>Lucas neg\u00f3 que haya recibido una oferta del <strong>River Plate<\/strong> de su pa\u00eds y dijo que est\u00e1 concentrado plenamente en entrenarse para tener la posibilidad ser tomado en cuenta por el director t\u00e9cnico brasile\u00f1o Ricardo Ferretti como una opci\u00f3n en la ofensiva.<\/p>\n<p>El equipo se entren\u00f3 este mi\u00e9rcoles en un gimnasio debido a la onda g\u00e9lida que se present\u00f3 en <strong>Monterrey<\/strong> y que provoc\u00f3 el descenso de la temperatura.<\/p>\n<p>Este s\u00e1bado, los felinos visitar\u00e1n al <strong>Quer\u00e9taro<\/strong> en la tercera jornada del <strong>Clausura 2018<\/strong>.<\/p>\n<p><em>INFORMACI\u00d3N: EFE<\/em><\/p>\n","protected":false},"excerpt":{"rendered":"<p>El mediocampista argentino dice que los felinos est\u00e1n preparados para todo<\/p>\n","protected":false},"author":160,"featured_media":514884,"comment_status":"closed","ping_status":"closed","sticky":false,"template":"","format":"standard","meta":[],"categories":[2198,3845],"tags":[8084,5973],"_links":{"self":[{"href":"http:\/\/desarrollo.grupomedios.com\/futbol\/wp-json\/wp\/v2\/posts\/514882"}],"collection":[{"href":"http:\/\/desarrollo.grupomedios.com\/futbol\/wp-json\/wp\/v2\/posts"}],"about":[{"href":"http:\/\/desarrollo.grupomedios.com\/futbol\/wp-json\/wp\/v2\/types\/post"}],"author":[{"embeddable":true,"href":"http:\/\/desarrollo.grupomedios.com\/futbol\/wp-json\/wp\/v2\/users\/160"}],"replies":[{"embeddable":true,"href":"http:\/\/desarrollo.grupomedios.com\/futbol\/wp-json\/wp\/v2\/comments?post=514882"}],"version-history":[{"count":1,"href":"http:\/\/desarrollo.grupomedios.com\/futbol\/wp-json\/wp\/v2\/posts\/514882\/revisions"}],"predecessor-version":[{"id":514885,"href":"http:\/\/desarrollo.grupomedios.com\/futbol\/wp-json\/wp\/v2\/posts\/514882\/revisions\/514885"}],"wp:featuredmedia":[{"embeddable":true,"href":"http:\/\/desarrollo.grupomedios.com\/futbol\/wp-json\/wp\/v2\/media\/514884"}],"wp:attachment":[{"href":"http:\/\/desarrollo.grupomedios.com\/futbol\/wp-json\/wp\/v2\/media?parent=514882"}],"wp:term":[{"taxonomy":"category","embeddable":true,"href":"http:\/\/desarrollo.grupomedios.com\/futbol\/wp-json\/wp\/v2\/categories?post=514882"},{"taxonomy":"post_tag","embeddable":true,"href":"http:\/\/desarrollo.grupomedios.com\/futbol\/wp-json\/wp\/v2\/tags?post=514882"}],"curies":[{"name":"wp","href":"https:\/\/api.w.org\/{rel}","templated":true}]}}